{"id":8478,"date":"2026-04-29T08:00:00","date_gmt":"2026-04-29T08:00:00","guid":{"rendered":"https:\/\/biozdrowy.pl\/blog\/?p=8478"},"modified":"2026-04-28T13:29:32","modified_gmt":"2026-04-28T13:29:32","slug":"rytm-dobowy-jak-dziala-zegar-biologiczny-czlowieka","status":"publish","type":"post","link":"https:\/\/biozdrowy.pl\/blog\/rytm-dobowy-jak-dziala-zegar-biologiczny-czlowieka\/","title":{"rendered":"Rytm dobowy \u2013 jak dzia\u0142a zegar biologiczny cz\u0142owieka?"},"content":{"rendered":"\n<p>Trudno\u015bci z zasypianiem, ci\u0105g\u0142e zm\u0119czenie i wybudzanie si\u0119 w nocy mog\u0105 mie\u0107 wsp\u00f3lne \u017ar\u00f3d\u0142o: zaburzony rytm dobowy. Ten wewn\u0119trzny mechanizm, okre\u015blany r\u00f3wnie\u017c, jako zegar oko\u0142odobowy, steruje podstawowymi procesami organizmu, m.in. snem, temperatur\u0105 cia\u0142a i wydzielaniem hormon\u00f3w. Gdy przestaje dzia\u0142a\u0107 prawid\u0142owo, wp\u0142ywa na ca\u0142e samopoczucie. Z tego artyku\u0142u dowiesz si\u0119, co go rozregulowuje i jak wspiera\u0107 naturalny cykl dnia i nocy.<\/p>\n\n\n\n<div id=\"ez-toc-container\" class=\"ez-toc-v2_0_82_2 counter-hierarchy ez-toc-counter ez-toc-grey ez-toc-container-direction\">\n<div class=\"ez-toc-title-container\">\n<p class=\"ez-toc-title\" style=\"cursor:inherit\">Spis tre\u015bci<\/p>\n<span class=\"ez-toc-title-toggle\"><a href=\"#\" class=\"ez-toc-pull-right ez-toc-btn ez-toc-btn-xs ez-toc-btn-default ez-toc-toggle\" aria-label=\"Prze\u0142\u0105cznik Spisu Tre\u015bci\"><span class=\"ez-toc-js-icon-con\"><span class=\"\"><span class=\"eztoc-hide\" style=\"display:none;\">Toggle<\/span><span class=\"ez-toc-icon-toggle-span\"><svg style=\"fill: #999;color:#999\" xmlns=\"http:\/\/www.w3.org\/2000\/svg\" class=\"list-377408\" width=\"20px\" height=\"20px\" viewBox=\"0 0 24 24\" fill=\"none\"><path d=\"M6 6H4v2h2V6zm14 0H8v2h12V6zM4 11h2v2H4v-2zm16 0H8v2h12v-2zM4 16h2v2H4v-2zm16 0H8v2h12v-2z\" fill=\"currentColor\"><\/path><\/svg><svg style=\"fill: #999;color:#999\" class=\"arrow-unsorted-368013\" xmlns=\"http:\/\/www.w3.org\/2000\/svg\" width=\"10px\" height=\"10px\" viewBox=\"0 0 24 24\" version=\"1.2\" baseProfile=\"tiny\"><path d=\"M18.2 9.3l-6.2-6.3-6.2 6.3c-.2.2-.3.4-.3.7s.1.5.3.7c.2.2.4.3.7.3h11c.3 0 .5-.1.7-.3.2-.2.3-.5.3-.7s-.1-.5-.3-.7zM5.8 14.7l6.2 6.3 6.2-6.3c.2-.2.3-.5.3-.7s-.1-.5-.3-.7c-.2-.2-.4-.3-.7-.3h-11c-.3 0-.5.1-.7.3-.2.2-.3.5-.3.7s.1.5.3.7z\"\/><\/svg><\/span><\/span><\/span><\/a><\/span><\/div>\n<nav><ul class='ez-toc-list ez-toc-list-level-1 ' ><li class='ez-toc-page-1 ez-toc-heading-level-2'><a class=\"ez-toc-link ez-toc-heading-1\" href=\"https:\/\/biozdrowy.pl\/blog\/rytm-dobowy-jak-dziala-zegar-biologiczny-czlowieka\/#Czym_jest_rytm_dobowy_czlowieka_i_jak_dziala\" >Czym jest rytm dobowy cz\u0142owieka i jak dzia\u0142a?<\/a><\/li><li class='ez-toc-page-1 ez-toc-heading-level-2'><a class=\"ez-toc-link ez-toc-heading-2\" href=\"https:\/\/biozdrowy.pl\/blog\/rytm-dobowy-jak-dziala-zegar-biologiczny-czlowieka\/#Jaki_hormon_reguluje_rytm_dobowy\" >Jaki hormon reguluje rytm dobowy?<\/a><\/li><li class='ez-toc-page-1 ez-toc-heading-level-2'><a class=\"ez-toc-link ez-toc-heading-3\" href=\"https:\/\/biozdrowy.pl\/blog\/rytm-dobowy-jak-dziala-zegar-biologiczny-czlowieka\/#Co_zaburza_rytm_dobowy\" >Co zaburza rytm dobowy?<\/a><ul class='ez-toc-list-level-3' ><li class='ez-toc-heading-level-3'><a class=\"ez-toc-link ez-toc-heading-4\" href=\"https:\/\/biozdrowy.pl\/blog\/rytm-dobowy-jak-dziala-zegar-biologiczny-czlowieka\/#Niewlasciwa_ekspozycja_na_swiatlo\" >Niew\u0142a\u015bciwa ekspozycja na \u015bwiat\u0142o<\/a><\/li><li class='ez-toc-page-1 ez-toc-heading-level-3'><a class=\"ez-toc-link ez-toc-heading-5\" href=\"https:\/\/biozdrowy.pl\/blog\/rytm-dobowy-jak-dziala-zegar-biologiczny-czlowieka\/#Nieregularny_tryb_zycia_i_zmienne_godziny_snu\" >Nieregularny tryb \u017cycia i zmienne godziny snu<\/a><\/li><li class='ez-toc-page-1 ez-toc-heading-level-3'><a class=\"ez-toc-link ez-toc-heading-6\" href=\"https:\/\/biozdrowy.pl\/blog\/rytm-dobowy-jak-dziala-zegar-biologiczny-czlowieka\/#Praca_zmianowa_lub_czeste_podroze_miedzy_strefami_czasowymi\" >Praca zmianowa lub cz\u0119ste podr\u00f3\u017ce mi\u0119dzy strefami czasowymi<\/a><\/li><li class='ez-toc-page-1 ez-toc-heading-level-3'><a class=\"ez-toc-link ez-toc-heading-7\" href=\"https:\/\/biozdrowy.pl\/blog\/rytm-dobowy-jak-dziala-zegar-biologiczny-czlowieka\/#Stres_przemeczenie_i_problemy_emocjonalne\" >Stres, przem\u0119czenie i problemy emocjonalne<\/a><\/li><li class='ez-toc-page-1 ez-toc-heading-level-3'><a class=\"ez-toc-link ez-toc-heading-8\" href=\"https:\/\/biozdrowy.pl\/blog\/rytm-dobowy-jak-dziala-zegar-biologiczny-czlowieka\/#Niewlasciwa_dieta_i_wieczorne_podjadanie\" >Niew\u0142a\u015bciwa dieta i wieczorne podjadanie<\/a><\/li><\/ul><\/li><li class='ez-toc-page-1 ez-toc-heading-level-2'><a class=\"ez-toc-link ez-toc-heading-9\" href=\"https:\/\/biozdrowy.pl\/blog\/rytm-dobowy-jak-dziala-zegar-biologiczny-czlowieka\/#Jak_rozpoznac_ze_rytm_okolodobowy_jest_zaburzony\" >Jak rozpozna\u0107, \u017ce rytm oko\u0142odobowy jest zaburzony?<\/a><\/li><li class='ez-toc-page-1 ez-toc-heading-level-2'><a class=\"ez-toc-link ez-toc-heading-10\" href=\"https:\/\/biozdrowy.pl\/blog\/rytm-dobowy-jak-dziala-zegar-biologiczny-czlowieka\/#Jakie_moga_byc_skutki_przewleklego_zaburzenia_rytmu_dobowego\" >Jakie mog\u0105 by\u0107 skutki przewlek\u0142ego zaburzenia rytmu dobowego?<\/a><\/li><li class='ez-toc-page-1 ez-toc-heading-level-2'><a class=\"ez-toc-link ez-toc-heading-11\" href=\"https:\/\/biozdrowy.pl\/blog\/rytm-dobowy-jak-dziala-zegar-biologiczny-czlowieka\/#Jak_naprawic_zegar_biologiczny\" >Jak naprawi\u0107 zegar biologiczny?<\/a><\/li><li class='ez-toc-page-1 ez-toc-heading-level-2'><a class=\"ez-toc-link ez-toc-heading-12\" href=\"https:\/\/biozdrowy.pl\/blog\/rytm-dobowy-jak-dziala-zegar-biologiczny-czlowieka\/#Czy_warto_stosowac_suplementy_wspomagajace_rytm_dobowy\" >Czy warto stosowa\u0107 suplementy wspomagaj\u0105ce rytm dobowy?<\/a><\/li><li class='ez-toc-page-1 ez-toc-heading-level-2'><a class=\"ez-toc-link ez-toc-heading-13\" href=\"https:\/\/biozdrowy.pl\/blog\/rytm-dobowy-jak-dziala-zegar-biologiczny-czlowieka\/#Badania_nad_rytmem_dobowym\" >Badania nad rytmem dobowym<\/a><ul class='ez-toc-list-level-3' ><li class='ez-toc-heading-level-3'><a class=\"ez-toc-link ez-toc-heading-14\" href=\"https:\/\/biozdrowy.pl\/blog\/rytm-dobowy-jak-dziala-zegar-biologiczny-czlowieka\/#Rytm_dobowy_Podsumowanie\" >Rytm dobowy | Podsumowanie<\/a><\/li><\/ul><\/li><li class='ez-toc-page-1 ez-toc-heading-level-2'><a class=\"ez-toc-link ez-toc-heading-15\" href=\"https:\/\/biozdrowy.pl\/blog\/rytm-dobowy-jak-dziala-zegar-biologiczny-czlowieka\/#FAQ\" >FAQ<\/a><ul class='ez-toc-list-level-3' ><li class='ez-toc-heading-level-3'><a class=\"ez-toc-link ez-toc-heading-16\" href=\"https:\/\/biozdrowy.pl\/blog\/rytm-dobowy-jak-dziala-zegar-biologiczny-czlowieka\/#Jak_dziala_rytm_dobowy_noworodka\" >Jak dzia\u0142a rytm dobowy noworodka?<\/a><\/li><li class='ez-toc-page-1 ez-toc-heading-level-3'><a class=\"ez-toc-link ez-toc-heading-17\" href=\"https:\/\/biozdrowy.pl\/blog\/rytm-dobowy-jak-dziala-zegar-biologiczny-czlowieka\/#Czy_spanie_w_dzien_zamiast_w_nocy_jest_zdrowe\" >Czy spanie w dzie\u0144 zamiast w nocy jest zdrowe?<\/a><\/li><li class='ez-toc-page-1 ez-toc-heading-level-3'><a class=\"ez-toc-link ez-toc-heading-18\" href=\"https:\/\/biozdrowy.pl\/blog\/rytm-dobowy-jak-dziala-zegar-biologiczny-czlowieka\/#Jaki_narzad_odpowiada_za_rytm_dobowy\" >Jaki narz\u0105d odpowiada za rytm dobowy?<\/a><\/li><\/ul><\/li><li class='ez-toc-page-1 ez-toc-heading-level-2'><a class=\"ez-toc-link ez-toc-heading-19\" href=\"https:\/\/biozdrowy.pl\/blog\/rytm-dobowy-jak-dziala-zegar-biologiczny-czlowieka\/#Bibliografia\" >Bibliografia<\/a><\/li><\/ul><\/nav><\/div>\n<h2 class=\"wp-block-heading\"><span class=\"ez-toc-section\" id=\"Czym_jest_rytm_dobowy_czlowieka_i_jak_dziala\"><\/span><strong>Czym jest rytm dobowy cz\u0142owieka i jak dzia\u0142a?<\/strong><span class=\"ez-toc-section-end\"><\/span><\/h2>\n\n\n\n<p>Rytm dobowy to naturalny system, kt\u00f3ry steruje codziennym dzia\u0142aniem Twojego organizmu. W ci\u0105gu doby zachodz\u0105 w ciele rytmiczne zmiany aktywno\u015bci, kt\u00f3re pojawiaj\u0105 si\u0119 w okre\u015blonych godzinach, a nie przypadkowo. To w\u0142a\u015bnie dlatego sen przychodzi wieczorem, rano ro\u015bnie poziom energii, a niekt\u00f3re funkcje, jak trawienie czy regulacja temperatury, maj\u0105 swoje okre\u015blone pory.<\/p>\n\n\n\n<p>Za ten mechanizm odpowiada <strong>zegar biologiczny<\/strong>. G\u0142\u00f3wny o\u015brodek, kt\u00f3ry go kontroluje, znajduje si\u0119 w m\u00f3zgu \u2013 w tzw. j\u0105drach nadskrzy\u017cowaniowych, po\u0142o\u017conych w cz\u0119\u015bci podwzg\u00f3rza. To one odbieraj\u0105 sygna\u0142y ze \u015brodowiska (np. obecno\u015b\u0107 lub brak \u015bwiat\u0142a) i na ich podstawie kieruj\u0105 prac\u0105 ca\u0142ego organizmu. Wp\u0142ywaj\u0105 m.in. na wydzielanie hormon\u00f3w, regulacj\u0119 temperatury cia\u0142a czy procesy snu i czuwania.<\/p>\n\n\n\n<p>Ten wewn\u0119trzny cykl dobowy dzia\u0142a w powtarzalnym rytmie \u2013 przez ok. 24 godziny. Gdy jest dobrze zsynchronizowany z naturalnym \u015bwiat\u0142em dziennym, wspiera prawid\u0142owe funkcjonowanie organizmu. Jednak brak ekspozycji na \u015bwiat\u0142o s\u0142oneczne, nadmiar \u015bwiat\u0142a niebieskiego wieczorem, nieregularny tryb \u017cycia lub stres mog\u0105 doprowadzi\u0107 do rozregulowania zegara biologicznego.<\/p>\n\n\n\n<h2 class=\"wp-block-heading\"><span class=\"ez-toc-section\" id=\"Jaki_hormon_reguluje_rytm_dobowy\"><\/span><strong>Jaki hormon reguluje rytm dobowy?<\/strong><span class=\"ez-toc-section-end\"><\/span><\/h2>\n\n\n\n<p>G\u0142\u00f3wnym <strong>regulatorem rytmu dobowego jest melatonina<\/strong> \u2013 hormon, kt\u00f3ry sygnalizuje organizmowi, \u017ce nadchodzi noc. Jest produkowana w szyszynce i zaczyna wzrasta\u0107 po zmroku, osi\u0105gaj\u0105c najwy\u017cszy poziom w \u015brodku nocy. Jak dzia\u0142a melatonina?<\/p>\n\n\n\n<ul class=\"wp-block-list\">\n<li>Reguluje faz\u0119 zasypiania,<\/li>\n\n\n\n<li>wp\u0142ywa na g\u0142\u0119boko\u015b\u0107 snu,<\/li>\n\n\n\n<li>uczestniczy w procesach regeneracyjnych.\u00a0<\/li>\n<\/ul>\n\n\n\n<p>Gdy jej poziom jest zbyt niski \u2013 np. przez zbyt du\u017c\u0105 ekspozycj\u0119 na \u015bwiat\u0142o niebieskie wieczorem \u2013 cykl dobowy ulega przesuni\u0119ciu, a zasypianie staje si\u0119 trudniejsze.<\/p>\n\n\n\n<p><strong>Z rytmem oko\u0142odobowym powi\u0105zany jest tak\u017ce kortyzol. <\/strong>Hormon ten kojarzy si\u0119 g\u0142\u00f3wnie ze stresem, ale jest te\u017c niezb\u0119dny do prawid\u0142owego funkcjonowania organizmu. Jego poziom ro\u015bnie rano, co u\u0142atwia wybudzenie i mobilizacj\u0119 organizmu do dzia\u0142ania. W zdrowym rytmie dobowym wieczorem kortyzol powinien stopniowo spada\u0107. Je\u015bli jego st\u0119\u017cenie pozostaje wysokie (np. w wyniku przewlek\u0142ego stresu), mo\u017ce doj\u015b\u0107 do zaburze\u0144 rytmu dobowego i pogorszenia jako\u015bci snu.<\/p>\n\n\n<div class=\"wp-block-image\">\n<figure class=\"aligncenter size-full\"><img loading=\"lazy\" decoding=\"async\" width=\"940\" height=\"700\" src=\"https:\/\/biozdrowy.pl\/blog\/wp-content\/uploads\/2026\/04\/co-zaburza-rytm-dobowy.jpg\" alt=\"Co zaburza rytm domowy - infografika\" class=\"wp-image-8481\" srcset=\"https:\/\/biozdrowy.pl\/blog\/wp-content\/uploads\/2026\/04\/co-zaburza-rytm-dobowy.jpg 940w, https:\/\/biozdrowy.pl\/blog\/wp-content\/uploads\/2026\/04\/co-zaburza-rytm-dobowy-300x223.jpg 300w, https:\/\/biozdrowy.pl\/blog\/wp-content\/uploads\/2026\/04\/co-zaburza-rytm-dobowy-768x572.jpg 768w, https:\/\/biozdrowy.pl\/blog\/wp-content\/uploads\/2026\/04\/co-zaburza-rytm-dobowy-432x322.jpg 432w\" sizes=\"auto, (max-width: 940px) 100vw, 940px\" \/><\/figure><\/div>\n\n\n<h2 class=\"wp-block-heading\"><span class=\"ez-toc-section\" id=\"Co_zaburza_rytm_dobowy\"><\/span><strong>Co zaburza rytm dobowy?<\/strong><span class=\"ez-toc-section-end\"><\/span><\/h2>\n\n\n\n<p>Rytm dobowy to precyzyjnie dzia\u0142aj\u0105cy system, ale \u0142atwo go rozregulowa\u0107. Organizm codziennie reaguje na sygna\u0142y z otoczenia \u2013 g\u0142\u00f3wnie na \u015bwiat\u0142o i regularno\u015b\u0107 codziennych czynno\u015bci. Gdy brakuje sta\u0142ego schematu dnia, a zegar biologiczny odbiera sprzeczne bod\u017ace, mog\u0105 pojawi\u0107 si\u0119 trudno\u015bci z zasypianiem, sen staje si\u0119 p\u0142ytszy, a regeneracja niepe\u0142na. To typowe objawy zaburze\u0144 rytmu dobowego. Jakie s\u0105 najcz\u0119stsze przyczyny rozregulowania rytmu oko\u0142odobowego?<\/p>\n\n\n\n<h3 class=\"wp-block-heading\"><span class=\"ez-toc-section\" id=\"Niewlasciwa_ekspozycja_na_swiatlo\"><\/span><strong>Niew\u0142a\u015bciwa ekspozycja na \u015bwiat\u0142o<\/strong><span class=\"ez-toc-section-end\"><\/span><\/h3>\n\n\n\n<p>Naturalne \u015bwiat\u0142o s\u0142oneczne to g\u0142\u00f3wny czynnik reguluj\u0105cy rytmy oko\u0142odobowe. Jego brak w ci\u0105gu dnia lub nadmiar sztucznego \u015bwiat\u0142a wieczorem (zw\u0142aszcza \u015bwiat\u0142a niebieskiego) zaburza wydzielanie melatoniny i przesuwa por\u0119 zasypiania. Organizm traci punkt odniesienia dla cyklu dnia i nocy, co prowadzi do rozregulowania rytmu.<\/p>\n\n\n\n<h3 class=\"wp-block-heading\"><span class=\"ez-toc-section\" id=\"Nieregularny_tryb_zycia_i_zmienne_godziny_snu\"><\/span><strong>Nieregularny tryb \u017cycia i zmienne godziny snu<\/strong><span class=\"ez-toc-section-end\"><\/span><\/h3>\n\n\n\n<p>Brak sta\u0142ych p\u00f3r snu, wstawanie o r\u00f3\u017cnych godzinach i \u201eodsypianie\u201d w weekendy zaburzaj\u0105 naturalny rytm. Z czasem organizm przestaje rozpoznawa\u0107, kiedy ma si\u0119 aktywowa\u0107, a kiedy wycisza\u0107. Dochodzi do rozbie\u017cno\u015bci mi\u0119dzy rytmem wewn\u0119trznym a zewn\u0119trznym, co os\u0142abia dzia\u0142anie mechanizmu rytmu dobowego.<\/p>\n\n\n\n<h3 class=\"wp-block-heading\"><span class=\"ez-toc-section\" id=\"Praca_zmianowa_lub_czeste_podroze_miedzy_strefami_czasowymi\"><\/span><strong>Praca zmianowa lub cz\u0119ste podr\u00f3\u017ce mi\u0119dzy strefami czasowymi<\/strong><span class=\"ez-toc-section-end\"><\/span><\/h3>\n\n\n\n<p>Zegar biologiczny potrzebuje czasu, by przystosowa\u0107 si\u0119 do nowych warunk\u00f3w. Cz\u0119ste zmiany godzin aktywno\u015bci (np. praca nocna, rotacja zmian, loty transkontynentalne) utrudniaj\u0105 synchronizacj\u0119 rytmu dobowego z rzeczywistym cyklem \u015bwietlnym. W efekcie organizm nie potrafi si\u0119 prawid\u0142owo regenerowa\u0107, co zwi\u0119ksza ryzyko zaburze\u0144 snu i zaburze\u0144 metabolicznych.<\/p>\n\n\n\n<h3 class=\"wp-block-heading\"><span class=\"ez-toc-section\" id=\"Stres_przemeczenie_i_problemy_emocjonalne\"><\/span><strong>Stres, przem\u0119czenie i problemy emocjonalne<\/strong><span class=\"ez-toc-section-end\"><\/span><\/h3>\n\n\n\n<p>Przewlek\u0142y stres podnosi poziom kortyzolu wieczorem, gdy powinien on naturalnie spada\u0107. To zaburza dzia\u0142anie osi podwzg\u00f3rze\u2013przysadka\u2013nadnercza i wp\u0142ywa na rytm snu i czuwania. Zaburzenia emocjonalne, jak l\u0119k czy obni\u017cony nastr\u00f3j, tak\u017ce dezorganizuj\u0105 rytm i wp\u0142ywaj\u0105 na aktywno\u015b\u0107 neuron\u00f3w w strukturach odpowiedzialnych za czuwanie i wyciszenie.<\/p>\n\n\n\n<h3 class=\"wp-block-heading\"><span class=\"ez-toc-section\" id=\"Niewlasciwa_dieta_i_wieczorne_podjadanie\"><\/span><strong>Niew\u0142a\u015bciwa dieta i wieczorne podjadanie<\/strong><span class=\"ez-toc-section-end\"><\/span><\/h3>\n\n\n\n<p>Pory posi\u0142k\u00f3w maj\u0105 wp\u0142yw na dzia\u0142anie zegar\u00f3w oko\u0142odobowych obecnych w wielu narz\u0105dach. Spo\u017cywanie ci\u0119\u017ckich, kalorycznych da\u0144 wieczorem aktywuje uk\u0142ad trawienny w czasie, gdy organizm powinien si\u0119 wycisza\u0107. To mo\u017ce zak\u0142\u00f3ca\u0107 zasypianie, rytmy biologiczne i procesy regeneracyjne.<\/p>\n\n\nArray\n\n\n\n<h2 class=\"wp-block-heading\"><span class=\"ez-toc-section\" id=\"Jak_rozpoznac_ze_rytm_okolodobowy_jest_zaburzony\"><\/span><strong>Jak rozpozna\u0107, \u017ce rytm oko\u0142odobowy jest zaburzony?<\/strong><span class=\"ez-toc-section-end\"><\/span><\/h2>\n\n\n\n<p>Zaburzenia rytmu dobowego nie zawsze s\u0105 od razu oczywiste. Cz\u0119sto objawy narastaj\u0105 stopniowo, a ich przyczyny trudno powi\u0105za\u0107 z prac\u0105 zegar\u00f3w biologicznych. Poni\u017cej znajdziesz sygna\u0142y, kt\u00f3re mog\u0105 \u015bwiadczy\u0107 o rozregulowaniu rytmu oko\u0142odobowego:<\/p>\n\n\n\n<ul class=\"wp-block-list\">\n<li>trudno\u015bci z za\u015bni\u0119ciem mimo zm\u0119czenia,<\/li>\n\n\n\n<li>cz\u0119ste wybudzanie si\u0119 w nocy lub bardzo p\u0142ytki sen,<\/li>\n\n\n\n<li>senno\u015b\u0107 w ci\u0105gu dnia mimo przespania odpowiedniej liczby godzin,<\/li>\n\n\n\n<li>wyra\u017ane r\u00f3\u017cnice w samopoczuciu mi\u0119dzy dniem roboczym a weekendem,<\/li>\n\n\n\n<li>spadki energii w ci\u0105gu dnia o nietypowych porach,<\/li>\n\n\n\n<li>uczucie \u201eprzestawienia\u201d organizmu \u2013 aktywno\u015b\u0107 wieczorem, ospa\u0142o\u015b\u0107 rano,<\/li>\n\n\n\n<li>pogorszenie koncentracji, pami\u0119ci i tempa reakcji,<\/li>\n\n\n\n<li>obni\u017cony nastr\u00f3j, dra\u017cliwo\u015b\u0107 lub trudno\u015bci z radzeniem sobie ze stresem,<\/li>\n\n\n\n<li>zmieniona<strong> <\/strong>temperatura cia\u0142a \u2013 np. uczucie ch\u0142odu wieczorem lub wzmo\u017conego ciep\u0142a nad ranem,<\/li>\n\n\n\n<li>problemy z trawieniem lub apetytem o nietypowych porach,<\/li>\n\n\n\n<li>zaburzenia cyklu miesi\u0105czkowego lub wahania wydzielania hormon\u00f3w,<\/li>\n\n\n\n<li>zwi\u0119kszona podatno\u015b\u0107 na infekcje \u2013 wskazuj\u0105ca na os\u0142abienie dzia\u0142ania uk\u0142adu odporno\u015bciowego.<\/li>\n<\/ul>\n\n\n\n<p>Takie objawy mog\u0105 \u015bwiadczy\u0107 o rozregulowaniu naturalnego cyklu dnia i nocy. Warto je obserwowa\u0107 i nie ignorowa\u0107, szczeg\u00f3lnie je\u015bli utrzymuj\u0105 si\u0119 przez kilka tygodni.<\/p>\n\n\n\n<h2 class=\"wp-block-heading\"><span class=\"ez-toc-section\" id=\"Jakie_moga_byc_skutki_przewleklego_zaburzenia_rytmu_dobowego\"><\/span><strong>Jakie mog\u0105 by\u0107 skutki przewlek\u0142ego zaburzenia rytmu dobowego?<\/strong><span class=\"ez-toc-section-end\"><\/span><\/h2>\n\n\n\n<p>Zaburzenia rytmiki biologicznej nie ko\u0144cz\u0105 si\u0119 na problemach ze snem. Gdy biorytm przestaje by\u0107 zsynchronizowany z naturalnym cyklem \u015bwiat\u0142a i ciemno\u015bci, zmienia si\u0119 przebieg wielu proces\u00f3w w ca\u0142ym ciele. Rytm funkcjonowania organizmu cz\u0142owieka ulega rozregulowaniu, a to wp\u0142ywa na zdrowie.<\/p>\n\n\n\n<p>Gdy organizm przez d\u0142u\u017cszy czas funkcjonuje niezgodnie z naturalnym rytmem dnia i nocy, narz\u0105dy zaczynaj\u0105 pracowa\u0107 w nieregularny spos\u00f3b. Zaburzeniu ulega sta\u0142y porz\u0105dek, wed\u0142ug kt\u00f3rego zachodz\u0105 wa\u017cne procesy \u2013 np. zmiany temperatury cia\u0142a, produkcja enzym\u00f3w czy wydzielanie hormon\u00f3w potrzebnych do snu i pobudki.<\/p>\n\n\n\n<p>Brak stabilno\u015bci w tym zakresie mo\u017ce prowadzi\u0107 do:<\/p>\n\n\n\n<ul class=\"wp-block-list\">\n<li>obni\u017cenia odporno\u015bci i cz\u0119stszych infekcji,<\/li>\n\n\n\n<li>zaburze\u0144 koncentracji i funkcji poznawczych,<\/li>\n\n\n\n<li>nieprawid\u0142owo\u015bci w gospodarce energetycznej i trudno\u015bci z utrzymaniem sta\u0142ej masy cia\u0142a,<\/li>\n\n\n\n<li>waha\u0144 nastroju, obni\u017conej tolerancji na stres,<\/li>\n\n\n\n<li>problem\u00f3w z regulacj\u0105 apetytu, trawienia i glikemii,<\/li>\n\n\n\n<li>rozwoju przewlek\u0142ego zm\u0119czenia i os\u0142abienia og\u00f3lnego stanu zdrowia.<\/li>\n<\/ul>\n\n\n\n<p>Gdy naturalny rytm jest zaburzony przez kilka dni lub tygodni, rytmiczne zmiany aktywno\u015bci swoich narz\u0105d\u00f3w przestaj\u0105 przebiega\u0107 prawid\u0142owo. Zak\u0142\u00f3cona zostaje okresowo\u015b\u0107 proces\u00f3w fizjologicznych, takich jak wydzielanie hormon\u00f3w potrzebnych do snu, pobudki czy trawienia. W rezultacie organizm zaczyna dzia\u0142a\u0107 w spos\u00f3b niesp\u00f3jny i trudniej mu wr\u00f3ci\u0107 do stabilnego funkcjonowania.<\/p>\n\n\n<div class=\"wp-block-image\">\n<figure class=\"aligncenter size-full\"><img loading=\"lazy\" decoding=\"async\" width=\"940\" height=\"700\" src=\"https:\/\/biozdrowy.pl\/blog\/wp-content\/uploads\/2026\/04\/skutki-zaburzonego-rytmu-dobowego.jpg\" alt=\"Jakie mog\u0105 by\u0107 skutki przewlek\u0142ego zaburzenia rytmu dobowego? - infografika\" class=\"wp-image-8483\" srcset=\"https:\/\/biozdrowy.pl\/blog\/wp-content\/uploads\/2026\/04\/skutki-zaburzonego-rytmu-dobowego.jpg 940w, https:\/\/biozdrowy.pl\/blog\/wp-content\/uploads\/2026\/04\/skutki-zaburzonego-rytmu-dobowego-300x223.jpg 300w, https:\/\/biozdrowy.pl\/blog\/wp-content\/uploads\/2026\/04\/skutki-zaburzonego-rytmu-dobowego-768x572.jpg 768w, https:\/\/biozdrowy.pl\/blog\/wp-content\/uploads\/2026\/04\/skutki-zaburzonego-rytmu-dobowego-432x322.jpg 432w\" sizes=\"auto, (max-width: 940px) 100vw, 940px\" \/><\/figure><\/div>\n\n\n<h2 class=\"wp-block-heading\"><span class=\"ez-toc-section\" id=\"Jak_naprawic_zegar_biologiczny\"><\/span><strong>Jak naprawi\u0107 zegar biologiczny?<\/strong><span class=\"ez-toc-section-end\"><\/span><\/h2>\n\n\n\n<p>Przywr\u00f3cenie naturalnego rytmu to proces, kt\u00f3ry wymaga regularno\u015bci i cierpliwo\u015bci. Zegar biologiczny mo\u017ce dzia\u0142a\u0107 sprawnie, ale potrzebuje jasnych sygna\u0142\u00f3w ze \u015brodowiska i powtarzalnych codziennych nawyk\u00f3w.<\/p>\n\n\n\n<p><strong>Oto co warto wdro\u017cy\u0107, \u017ceby dba\u0107 o rytm dobowy i przywr\u00f3ci\u0107 go do naturalnego porz\u0105dku:<\/strong><\/p>\n\n\n\n<ul class=\"wp-block-list\">\n<li><strong>Ustal sta\u0142e godziny snu i pobudki<\/strong> \u2013 nawet w dni wolne. Powtarzalno\u015b\u0107 to jeden z g\u0142\u00f3wnych warunk\u00f3w prawid\u0142owego dzia\u0142ania mechanizmu snu i rytmu.<\/li>\n\n\n\n<li><strong>Zadbaj o \u015bwiat\u0142o dzienne rano<\/strong> \u2013 ekspozycja na <strong>\u015bwiat\u0142o s\u0142oneczne<\/strong> tu\u017c po przebudzeniu pomaga ustawi\u0107 zegar centralny i u\u0142atwia wieczorne wyciszenie.<\/li>\n\n\n\n<li><strong>Unikaj \u015bwiat\u0142a niebieskiego godzin\u0119 przed snem<\/strong> \u2013 ogranicz korzystanie z telefonu, laptopa czy telewizora. Tego typu \u015bwiat\u0142o hamuje wydzielanie melatoniny.<\/li>\n\n\n\n<li><strong>Zrezygnuj z p\u00f3\u017anych, ci\u0119\u017ckich posi\u0142k\u00f3w<\/strong> \u2013 pora jedzenia wp\u0142ywa na aktywno\u015b\u0107 zegar\u00f3w w obr\u0119bie r\u00f3\u017cnych uk\u0142ad\u00f3w i narz\u0105d\u00f3w.<\/li>\n\n\n\n<li><strong>Ogranicz kofein\u0119 i alkohol wieczorem<\/strong> \u2013 mog\u0105 zaburza\u0107 naturaln\u0105 rytmik\u0119 organizmu i pog\u0142\u0119bia\u0107 problemy z zasypianiem.<\/li>\n\n\n\n<li><strong>Zadbaj o aktywno\u015b\u0107 fizyczn\u0105 w ci\u0105gu dnia<\/strong> \u2013 ale nie zbyt p\u00f3\u017ano, by nie utrudni\u0107 wieczornego wyciszenia.<\/li>\n\n\n\n<li><strong>Stosuj rutyny, kt\u00f3re sygnalizuj\u0105 por\u0119 snu<\/strong> \u2013 np. ciep\u0142y prysznic, czytanie, s\u0142uchanie spokojnej muzyki. Powtarzalno\u015b\u0107 u\u0142atwia zmniejszanie proces\u00f3w \u017cyciowych i przygotowuje cia\u0142o do snu.<\/li>\n<\/ul>\n\n\n\n<p>Warto te\u017c obserwowa\u0107 sw\u00f3j chronotyp, czyli naturalne sk\u0142onno\u015bci do aktywno\u015bci w konkretnych porach. Dostosowanie stylu \u017cycia do w\u0142asnego rytmu biologicznego u\u0142atwia codzienne funkcjonowanie i poprawia samopoczucie.<\/p>\n\n\n\n<h2 class=\"wp-block-heading\"><span class=\"ez-toc-section\" id=\"Czy_warto_stosowac_suplementy_wspomagajace_rytm_dobowy\"><\/span><strong>Czy warto stosowa\u0107 suplementy wspomagaj\u0105ce rytm dobowy?<\/strong><span class=\"ez-toc-section-end\"><\/span><\/h2>\n\n\n\n<p>W niekt\u00f3rych sytuacjach zmiana nawyk\u00f3w nie wystarcza, by szybko przywr\u00f3ci\u0107 naturalny rytm.&nbsp; Wtedy pomocne mog\u0105 by\u0107 suplementy.<\/p>\n\n\n\n<p>Najcz\u0119\u015bciej stosowanym sk\u0142adnikiem jest melatonina \u2013 naturalny hormon, kt\u00f3ry sygnalizuje cia\u0142u, \u017ce nadchodzi pora snu. Jej suplementacja mo\u017ce by\u0107 pomocna m.in. w przypadku jet lagu, problem\u00f3w z zasypianiem lub pracy nocnej. Melatonina to hormon, kt\u00f3ry dzia\u0142a szybko i wspiera proces zasypiania, nie uzale\u017cnia i dobrze sprawdza si\u0119 przy kr\u00f3tkotrwa\u0142ych zaburzeniach.<\/p>\n\n\n\n<p>Warto te\u017c zwr\u00f3ci\u0107 uwag\u0119 na sk\u0142adniki wspieraj\u0105ce fizjologi\u0119 snu i czuwania \u2013 np. magnez, witaminy z grupy B, ekstrakt z melisy, koz\u0142ka lekarskiego czy ashwagandh\u0119. Cz\u0119sto wp\u0142ywaj\u0105 one na redukcj\u0119 napi\u0119cia i wspomagaj\u0105 naturalny przebieg wieczornego wyciszenia.<\/p>\n\n\n\n<p>Cho\u0107 suplementy mog\u0105 pom\u00f3c, nie zast\u0105pi\u0105 codziennych rytua\u0142\u00f3w i sp\u00f3jnego trybu \u017cycia. To w\u0142a\u015bnie regularno\u015b\u0107, kontakt ze \u015bwiat\u0142em dziennym, ograniczenie ekran\u00f3w wieczorem i sta\u0142e godziny snu najlepiej kszta\u0142tuj\u0105 rytm. Suplementacj\u0119 warto traktowa\u0107 jako wsparcie, a nie g\u0142\u00f3wn\u0105 metod\u0119.<\/p>\n\n\n\n<h2 class=\"wp-block-heading\"><span class=\"ez-toc-section\" id=\"Badania_nad_rytmem_dobowym\"><\/span><strong>Badania nad rytmem dobowym<\/strong><span class=\"ez-toc-section-end\"><\/span><\/h2>\n\n\n\n<p>Wiele os\u00f3b narzeka na brak snu i nie rozumie, dlaczego mimo diety waga stoi w miejscu. Istotn\u0105 rol\u0119 mo\u017ce odgrywa\u0107 melatonina \u2013 hormon reguluj\u0105cy nocny odpoczynek. Gdy jej poziom lub rytm s\u0105 zaburzone, sen staje si\u0119 p\u0142ytszy i kr\u00f3tszy, a metabolizm dzia\u0142a mniej efektywnie. Niedob\u00f3r snu obni\u017ca leptyn\u0119, zwi\u0119ksza grelin\u0119, nasila apetyt i sprzyja podjadaniu.<\/p>\n\n\n\n<p>Badania potwierdzaj\u0105, \u017ce suplementacja melatonin\u0105 mo\u017ce skraca\u0107 czas zasypiania i poprawia\u0107 jako\u015b\u0107 snu. Korzy\u015bci by\u0142y szczeg\u00f3lnie widoczne u os\u00f3b z problemami metabolicznymi. Niekt\u00f3re analizy sugeruj\u0105 te\u017c, \u017ce melatonina mo\u017ce wspiera\u0107 redukcj\u0119 masy cia\u0142a i gospodark\u0119 energetyczn\u0105 organizmu.<\/p>\n\n\n\n<p>Melatonina dzia\u0142a r\u00f3wnie\u017c antyoksydacyjnie i przeciwzapalnie, co ma znaczenie przy nadwadze i oty\u0142o\u015bci. Warto jednak pami\u0119ta\u0107, \u017ce nie zast\u0105pi zdrowego stylu \u017cycia. Najlepsze efekty daje po\u0142\u0105czenie suplementacji z regularnym snem, aktywno\u015bci\u0105 fizyczn\u0105, diet\u0105 i ograniczeniem ekran\u00f3w przed snem [1,2,3].<\/p>\n\n\n\n<h3 class=\"wp-block-heading\"><span class=\"ez-toc-section\" id=\"Rytm_dobowy_Podsumowanie\"><\/span><strong>Rytm dobowy | Podsumowanie<\/strong><span class=\"ez-toc-section-end\"><\/span><\/h3>\n\n\n\n<p>Zaburzenia rytmu dobowego wp\u0142ywaj\u0105 na wiele konkretnych zjawisk fizjologicznych, takich jak sen, metabolizm czy dzia\u0142anie hormon\u00f3w. Gdy organizm funkcjonuje w oderwaniu od dobowego cyklu dnia i nocy, trudniej mu si\u0119 regenerowa\u0107, utrzyma\u0107 stabilny nastr\u00f3j i prawid\u0142owo reagowa\u0107 na zmiany w otoczeniu. Kluczowe znaczenie ma regularno\u015b\u0107 \u2013 sta\u0142e pory snu, kontakt ze \u015bwiat\u0142em dziennym i odpowiednia higiena wieczornego wyciszenia. W razie potrzeby pomocne mog\u0105 by\u0107 tak\u017ce naturalne suplementy wspieraj\u0105ce wieczorny rytua\u0142 zasypiania.<\/p>\n\n\n\n<h2 class=\"wp-block-heading\"><span class=\"ez-toc-section\" id=\"FAQ\"><\/span><strong>FAQ<\/strong><span class=\"ez-toc-section-end\"><\/span><\/h2>\n\n\n<div class=\"wp-block-image\">\n<figure class=\"aligncenter size-large\"><img loading=\"lazy\" decoding=\"async\" width=\"1024\" height=\"213\" src=\"https:\/\/biozdrowy.pl\/blog\/wp-content\/uploads\/2026\/04\/rytm-dobowy-faq-1024x213.jpg\" alt=\"Rytm dobowy FAQ - obrazek pogl\u0105dowy\" class=\"wp-image-8484\" srcset=\"https:\/\/biozdrowy.pl\/blog\/wp-content\/uploads\/2026\/04\/rytm-dobowy-faq-1024x213.jpg 1024w, https:\/\/biozdrowy.pl\/blog\/wp-content\/uploads\/2026\/04\/rytm-dobowy-faq-300x63.jpg 300w, https:\/\/biozdrowy.pl\/blog\/wp-content\/uploads\/2026\/04\/rytm-dobowy-faq-768x160.jpg 768w, https:\/\/biozdrowy.pl\/blog\/wp-content\/uploads\/2026\/04\/rytm-dobowy-faq-432x90.jpg 432w, https:\/\/biozdrowy.pl\/blog\/wp-content\/uploads\/2026\/04\/rytm-dobowy-faq.jpg 1200w\" sizes=\"auto, (max-width: 1024px) 100vw, 1024px\" \/><\/figure><\/div>\n\n\n<h3 class=\"wp-block-heading\"><span class=\"ez-toc-section\" id=\"Jak_dziala_rytm_dobowy_noworodka\"><\/span><strong>Jak dzia\u0142a rytm dobowy noworodka?<\/strong><span class=\"ez-toc-section-end\"><\/span><\/h3>\n\n\n\n<p>U noworodk\u00f3w rytm dobowy nie jest jeszcze rozwini\u0119ty. Przez pierwsze tygodnie \u017cycia sen i czuwanie przebiegaj\u0105 nieregularnie, poniewa\u017c zegar biologiczny dopiero zaczyna si\u0119 kszta\u0142towa\u0107. Sta\u0142y rytm pojawia si\u0119 stopniowo, zwykle mi\u0119dzy 6. a 12. tygodniem, gdy organizm zaczyna rozr\u00f3\u017cnia\u0107 cykl dnia i nocy oraz reagowa\u0107 na \u015bwiat\u0142o i sta\u0142e pory karmienia.<\/p>\n\n\n\n<h3 class=\"wp-block-heading\"><span class=\"ez-toc-section\" id=\"Czy_spanie_w_dzien_zamiast_w_nocy_jest_zdrowe\"><\/span><strong>Czy spanie w dzie\u0144 zamiast w nocy jest zdrowe?<\/strong><span class=\"ez-toc-section-end\"><\/span><\/h3>\n\n\n\n<p>Sen w dzie\u0144 nie zast\u0119puje w pe\u0142ni snu nocnego, poniewa\u017c wiele proces\u00f3w fizjologicznych \u2013 np. wydzielanie melatoniny, regeneracja uk\u0142adu nerwowego czy praca hormon\u00f3w \u2013 jest dostosowanych do naturalnego cyklu dobowego. Kr\u00f3tkie drzemki mog\u0105 poprawi\u0107 samopoczucie, ale d\u0142ugotrwa\u0142e odwr\u00f3cenie rytmu (np. praca nocna) mo\u017ce zaburza\u0107 dzia\u0142anie organizmu i zwi\u0119ksza\u0107 ryzyko problem\u00f3w zdrowotnych.<\/p>\n\n\n\n<h3 class=\"wp-block-heading\"><span class=\"ez-toc-section\" id=\"Jaki_narzad_odpowiada_za_rytm_dobowy\"><\/span><strong>Jaki narz\u0105d odpowiada za rytm dobowy?<\/strong><span class=\"ez-toc-section-end\"><\/span><\/h3>\n\n\n\n<p>Za regulacj\u0119 rytmu dobowego odpowiadaj\u0105 tzw. o\u015brodki rytmu dobowego zlokalizowane w m\u00f3zgu \u2013 konkretnie w j\u0105drach nadskrzy\u017cowaniowych, kt\u00f3re znajduj\u0105 si\u0119 w cz\u0119\u015bci podwzg\u00f3rza. To w\u0142a\u015bnie tam dzia\u0142a g\u0142\u00f3wny zegar biologiczny, kt\u00f3ry steruje cykliczn\u0105 aktywno\u015bci\u0105 wielu uk\u0142ad\u00f3w i narz\u0105d\u00f3w, dostosowuj\u0105c je do zmian zachodz\u0105cych w otaczaj\u0105cym \u015brodowisku.<\/p>\n\n\n\n<h2 class=\"wp-block-heading\"><span class=\"ez-toc-section\" id=\"Bibliografia\"><\/span><strong>Bibliografia<\/strong><span class=\"ez-toc-section-end\"><\/span><\/h2>\n\n\n\n<ol class=\"wp-block-list\">\n<li>Fatemeh, G., Sajjad, M., Niloufar, R., Neda, S., Leila, S., &amp; Khadijeh, M. (2022). Effect of melatonin supplementation on sleep quality: a systematic review and meta-analysis of randomized controlled trials. <em>Journal of neurology<\/em>, <em>269<\/em>(1), 205\u2013216. <a href=\"https:\/\/pubmed.ncbi.nlm.nih.gov\/33417003\/\">https:\/\/pubmed.ncbi.nlm.nih.gov\/33417003\/<\/a><\/li>\n\n\n\n<li>Delpino, F. M., &amp; Figueiredo, L. M. (2021). Melatonin supplementation and anthropometric indicators of obesity: A systematic review and meta-analysis. <em>Nutrition (Burbank, Los Angeles County, Calif.)<\/em>, <em>91-92<\/em>, 111399. <a href=\"https:\/\/pubmed.ncbi.nlm.nih.gov\/34626955\/\">https:\/\/pubmed.ncbi.nlm.nih.gov\/34626955\/<\/a><\/li>\n\n\n\n<li>Xie, Z., Chen, F., Li, W. A., Geng, X., Li, C., Meng, X., Feng, Y., Liu, W., &amp; Yu, F. (2017). A review of sleep disorders and melatonin. <em>Neurological research<\/em>, <em>39<\/em>(6), 559\u2013565. <a href=\"https:\/\/pubmed.ncbi.nlm.nih.gov\/28460563\/\">https:\/\/pubmed.ncbi.nlm.nih.gov\/28460563\/<\/a><\/li>\n<\/ol>\n","protected":false},"excerpt":{"rendered":"<p>Trudno\u015bci z zasypianiem, ci\u0105g\u0142e zm\u0119czenie i wybudzanie si\u0119 w nocy mog\u0105 mie\u0107 wsp\u00f3lne \u017ar\u00f3d\u0142o: zaburzony rytm dobowy. Ten wewn\u0119trzny mechanizm, okre\u015blany r\u00f3wnie\u017c, jako zegar oko\u0142odobowy, steruje podstawowymi procesami organizmu, m.in&#8230;.<\/p>\n","protected":false},"author":12,"featured_media":8479,"comment_status":"open","ping_status":"open","sticky":false,"template":"","format":"standard","meta":{"footnotes":""},"categories":[34,37],"tags":[],"class_list":["post-8478","post","type-post","status-publish","format-standard","has-post-thumbnail","hentry","category-styl-zycia","category-zdrowie-i-uroda","article","has-background","has-excerpt","has-avatar","has-author","has-date","has-comment-count","has-category-meta","has-read-more","has-post-media","thumbnail-"],"yoast_head":"<!-- This site is optimized with the Yoast SEO plugin v27.4 - https:\/\/yoast.com\/product\/yoast-seo-wordpress\/ -->\n<title>Rytm dobowy \u2013 jak dzia\u0142a zegar biologiczny cz\u0142owieka? - Blog<\/title>\n<meta name=\"description\" content=\"Zaburzony rytm dobowy wp\u0142ywa na biologiczne procesy w organizmie. Sprawd\u017a, jak dzia\u0142a rytm oko\u0142odobowy i co zrobi\u0107, by \u0142atwiej zasypia\u0107.\" \/>\n<meta name=\"robots\" content=\"index, follow, max-snippet:-1, max-image-preview:large, max-video-preview:-1\" \/>\n<link rel=\"canonical\" href=\"https:\/\/biozdrowy.pl\/blog\/rytm-dobowy-jak-dziala-zegar-biologiczny-czlowieka\/\" \/>\n<meta property=\"og:locale\" content=\"pl_PL\" \/>\n<meta property=\"og:type\" content=\"article\" \/>\n<meta property=\"og:title\" content=\"Rytm dobowy \u2013 jak dzia\u0142a zegar biologiczny cz\u0142owieka? - Blog\" \/>\n<meta property=\"og:description\" content=\"Zaburzony rytm dobowy wp\u0142ywa na biologiczne procesy w organizmie. Sprawd\u017a, jak dzia\u0142a rytm oko\u0142odobowy i co zrobi\u0107, by \u0142atwiej zasypia\u0107.\" \/>\n<meta property=\"og:url\" content=\"https:\/\/biozdrowy.pl\/blog\/rytm-dobowy-jak-dziala-zegar-biologiczny-czlowieka\/\" \/>\n<meta property=\"og:site_name\" content=\"Strefa Wiedzy Biozdrowy\" \/>\n<meta property=\"article:published_time\" content=\"2026-04-29T08:00:00+00:00\" \/>\n<meta property=\"og:image\" content=\"https:\/\/biozdrowy.pl\/blog\/wp-content\/uploads\/2026\/04\/rytm-dobowy-jak-dziala-zegar-biologiczny-czlowieka.jpg\" \/>\n\t<meta property=\"og:image:width\" content=\"1200\" \/>\n\t<meta property=\"og:image:height\" content=\"630\" \/>\n\t<meta property=\"og:image:type\" content=\"image\/jpeg\" \/>\n<meta name=\"author\" content=\"Edyta Go\u0142a\u015b\" \/>\n<meta name=\"twitter:card\" content=\"summary_large_image\" \/>\n<meta name=\"twitter:label1\" content=\"Napisane przez\" \/>\n\t<meta name=\"twitter:data1\" content=\"Edyta Go\u0142a\u015b\" \/>\n\t<meta name=\"twitter:label2\" content=\"Szacowany czas czytania\" \/>\n\t<meta name=\"twitter:data2\" content=\"12 minut\" \/>\n<script type=\"application\/ld+json\" class=\"yoast-schema-graph\">{\"@context\":\"https:\\\/\\\/schema.org\",\"@graph\":[{\"@type\":\"Article\",\"@id\":\"https:\\\/\\\/biozdrowy.pl\\\/blog\\\/rytm-dobowy-jak-dziala-zegar-biologiczny-czlowieka\\\/#article\",\"isPartOf\":{\"@id\":\"https:\\\/\\\/biozdrowy.pl\\\/blog\\\/rytm-dobowy-jak-dziala-zegar-biologiczny-czlowieka\\\/\"},\"author\":{\"name\":\"Edyta Go\u0142a\u015b\",\"@id\":\"https:\\\/\\\/biozdrowy.pl\\\/blog\\\/#\\\/schema\\\/person\\\/140a327719b6ca42d88fd4b1865f0385\"},\"headline\":\"Rytm dobowy \u2013 jak dzia\u0142a zegar biologiczny cz\u0142owieka?\",\"datePublished\":\"2026-04-29T08:00:00+00:00\",\"mainEntityOfPage\":{\"@id\":\"https:\\\/\\\/biozdrowy.pl\\\/blog\\\/rytm-dobowy-jak-dziala-zegar-biologiczny-czlowieka\\\/\"},\"wordCount\":2242,\"commentCount\":0,\"publisher\":{\"@id\":\"https:\\\/\\\/biozdrowy.pl\\\/blog\\\/#organization\"},\"image\":{\"@id\":\"https:\\\/\\\/biozdrowy.pl\\\/blog\\\/rytm-dobowy-jak-dziala-zegar-biologiczny-czlowieka\\\/#primaryimage\"},\"thumbnailUrl\":\"https:\\\/\\\/biozdrowy.pl\\\/blog\\\/wp-content\\\/uploads\\\/2026\\\/04\\\/rytm-dobowy-jak-dziala-zegar-biologiczny-czlowieka.jpg\",\"articleSection\":[\"Styl \u017cycia\",\"Zdrowie i uroda\"],\"inLanguage\":\"pl-PL\",\"potentialAction\":[{\"@type\":\"CommentAction\",\"name\":\"Comment\",\"target\":[\"https:\\\/\\\/biozdrowy.pl\\\/blog\\\/rytm-dobowy-jak-dziala-zegar-biologiczny-czlowieka\\\/#respond\"]}]},{\"@type\":\"WebPage\",\"@id\":\"https:\\\/\\\/biozdrowy.pl\\\/blog\\\/rytm-dobowy-jak-dziala-zegar-biologiczny-czlowieka\\\/\",\"url\":\"https:\\\/\\\/biozdrowy.pl\\\/blog\\\/rytm-dobowy-jak-dziala-zegar-biologiczny-czlowieka\\\/\",\"name\":\"Rytm dobowy \u2013 jak dzia\u0142a zegar biologiczny cz\u0142owieka? - Blog\",\"isPartOf\":{\"@id\":\"https:\\\/\\\/biozdrowy.pl\\\/blog\\\/#website\"},\"primaryImageOfPage\":{\"@id\":\"https:\\\/\\\/biozdrowy.pl\\\/blog\\\/rytm-dobowy-jak-dziala-zegar-biologiczny-czlowieka\\\/#primaryimage\"},\"image\":{\"@id\":\"https:\\\/\\\/biozdrowy.pl\\\/blog\\\/rytm-dobowy-jak-dziala-zegar-biologiczny-czlowieka\\\/#primaryimage\"},\"thumbnailUrl\":\"https:\\\/\\\/biozdrowy.pl\\\/blog\\\/wp-content\\\/uploads\\\/2026\\\/04\\\/rytm-dobowy-jak-dziala-zegar-biologiczny-czlowieka.jpg\",\"datePublished\":\"2026-04-29T08:00:00+00:00\",\"description\":\"Zaburzony rytm dobowy wp\u0142ywa na biologiczne procesy w organizmie. Sprawd\u017a, jak dzia\u0142a rytm oko\u0142odobowy i co zrobi\u0107, by \u0142atwiej zasypia\u0107.\",\"breadcrumb\":{\"@id\":\"https:\\\/\\\/biozdrowy.pl\\\/blog\\\/rytm-dobowy-jak-dziala-zegar-biologiczny-czlowieka\\\/#breadcrumb\"},\"inLanguage\":\"pl-PL\",\"potentialAction\":[{\"@type\":\"ReadAction\",\"target\":[\"https:\\\/\\\/biozdrowy.pl\\\/blog\\\/rytm-dobowy-jak-dziala-zegar-biologiczny-czlowieka\\\/\"]}]},{\"@type\":\"ImageObject\",\"inLanguage\":\"pl-PL\",\"@id\":\"https:\\\/\\\/biozdrowy.pl\\\/blog\\\/rytm-dobowy-jak-dziala-zegar-biologiczny-czlowieka\\\/#primaryimage\",\"url\":\"https:\\\/\\\/biozdrowy.pl\\\/blog\\\/wp-content\\\/uploads\\\/2026\\\/04\\\/rytm-dobowy-jak-dziala-zegar-biologiczny-czlowieka.jpg\",\"contentUrl\":\"https:\\\/\\\/biozdrowy.pl\\\/blog\\\/wp-content\\\/uploads\\\/2026\\\/04\\\/rytm-dobowy-jak-dziala-zegar-biologiczny-czlowieka.jpg\",\"width\":1200,\"height\":630,\"caption\":\"Rytm dobowy \u2013 jak dzia\u0142a zegar biologiczny cz\u0142owieka? - obrazek wyr\u00f3\u017cniaj\u0105cy\"},{\"@type\":\"BreadcrumbList\",\"@id\":\"https:\\\/\\\/biozdrowy.pl\\\/blog\\\/rytm-dobowy-jak-dziala-zegar-biologiczny-czlowieka\\\/#breadcrumb\",\"itemListElement\":[{\"@type\":\"ListItem\",\"position\":1,\"name\":\"Strona g\u0142\u00f3wna\",\"item\":\"https:\\\/\\\/biozdrowy.pl\\\/blog\\\/\"},{\"@type\":\"ListItem\",\"position\":2,\"name\":\"Rytm dobowy \u2013 jak dzia\u0142a zegar biologiczny cz\u0142owieka?\"}]},{\"@type\":\"WebSite\",\"@id\":\"https:\\\/\\\/biozdrowy.pl\\\/blog\\\/#website\",\"url\":\"https:\\\/\\\/biozdrowy.pl\\\/blog\\\/\",\"name\":\"Strefa Wiedzy Biozdrowy\",\"description\":\"\",\"publisher\":{\"@id\":\"https:\\\/\\\/biozdrowy.pl\\\/blog\\\/#organization\"},\"potentialAction\":[{\"@type\":\"SearchAction\",\"target\":{\"@type\":\"EntryPoint\",\"urlTemplate\":\"https:\\\/\\\/biozdrowy.pl\\\/blog\\\/?s={search_term_string}\"},\"query-input\":{\"@type\":\"PropertyValueSpecification\",\"valueRequired\":true,\"valueName\":\"search_term_string\"}}],\"inLanguage\":\"pl-PL\"},{\"@type\":\"Organization\",\"@id\":\"https:\\\/\\\/biozdrowy.pl\\\/blog\\\/#organization\",\"name\":\"Biozdrowy\",\"url\":\"https:\\\/\\\/biozdrowy.pl\\\/blog\\\/\",\"logo\":{\"@type\":\"ImageObject\",\"inLanguage\":\"pl-PL\",\"@id\":\"https:\\\/\\\/biozdrowy.pl\\\/blog\\\/#\\\/schema\\\/logo\\\/image\\\/\",\"url\":\"https:\\\/\\\/biozdrowy.pl\\\/blog\\\/wp-content\\\/uploads\\\/2023\\\/10\\\/cropped-Strefa_wiedzy_logo_final.png\",\"contentUrl\":\"https:\\\/\\\/biozdrowy.pl\\\/blog\\\/wp-content\\\/uploads\\\/2023\\\/10\\\/cropped-Strefa_wiedzy_logo_final.png\",\"width\":7118,\"height\":1514,\"caption\":\"Biozdrowy\"},\"image\":{\"@id\":\"https:\\\/\\\/biozdrowy.pl\\\/blog\\\/#\\\/schema\\\/logo\\\/image\\\/\"}},{\"@type\":\"Person\",\"@id\":\"https:\\\/\\\/biozdrowy.pl\\\/blog\\\/#\\\/schema\\\/person\\\/140a327719b6ca42d88fd4b1865f0385\",\"name\":\"Edyta Go\u0142a\u015b\",\"image\":{\"@type\":\"ImageObject\",\"inLanguage\":\"pl-PL\",\"@id\":\"https:\\\/\\\/secure.gravatar.com\\\/avatar\\\/1bfc8ccd4349eca95ec0dda9d88fa762c39bcd4fb3ecae0287f1bdcaa1af6131?s=96&d=mm&r=g\",\"url\":\"https:\\\/\\\/secure.gravatar.com\\\/avatar\\\/1bfc8ccd4349eca95ec0dda9d88fa762c39bcd4fb3ecae0287f1bdcaa1af6131?s=96&d=mm&r=g\",\"contentUrl\":\"https:\\\/\\\/secure.gravatar.com\\\/avatar\\\/1bfc8ccd4349eca95ec0dda9d88fa762c39bcd4fb3ecae0287f1bdcaa1af6131?s=96&d=mm&r=g\",\"caption\":\"Edyta Go\u0142a\u015b\"},\"description\":\"Magister kosmetologii Jej pasj\u0105 jest rozk\u0142adanie problem\u00f3w sk\u00f3rnych na czynniki pierwsze tak, aby odnale\u017a\u0107 ich prawdziw\u0105 przyczyn\u0119. W swojej pracy kieruje si\u0119 nurtem holistycznym, dzi\u0119ki czemu potrafi pom\u00f3c skutecznie zadba\u0107 o zdrowie nawet najbardziej wymagaj\u0105cej sk\u00f3ry.\",\"url\":\"https:\\\/\\\/biozdrowy.pl\\\/blog\\\/author\\\/edytagolas\\\/\"}]}<\/script>\n<!-- \/ Yoast SEO plugin. -->","yoast_head_json":{"title":"Rytm dobowy \u2013 jak dzia\u0142a zegar biologiczny cz\u0142owieka? - Blog","description":"Zaburzony rytm dobowy wp\u0142ywa na biologiczne procesy w organizmie. Sprawd\u017a, jak dzia\u0142a rytm oko\u0142odobowy i co zrobi\u0107, by \u0142atwiej zasypia\u0107.","robots":{"index":"index","follow":"follow","max-snippet":"max-snippet:-1","max-image-preview":"max-image-preview:large","max-video-preview":"max-video-preview:-1"},"canonical":"https:\/\/biozdrowy.pl\/blog\/rytm-dobowy-jak-dziala-zegar-biologiczny-czlowieka\/","og_locale":"pl_PL","og_type":"article","og_title":"Rytm dobowy \u2013 jak dzia\u0142a zegar biologiczny cz\u0142owieka? - Blog","og_description":"Zaburzony rytm dobowy wp\u0142ywa na biologiczne procesy w organizmie. Sprawd\u017a, jak dzia\u0142a rytm oko\u0142odobowy i co zrobi\u0107, by \u0142atwiej zasypia\u0107.","og_url":"https:\/\/biozdrowy.pl\/blog\/rytm-dobowy-jak-dziala-zegar-biologiczny-czlowieka\/","og_site_name":"Strefa Wiedzy Biozdrowy","article_published_time":"2026-04-29T08:00:00+00:00","og_image":[{"width":1200,"height":630,"url":"https:\/\/biozdrowy.pl\/blog\/wp-content\/uploads\/2026\/04\/rytm-dobowy-jak-dziala-zegar-biologiczny-czlowieka.jpg","type":"image\/jpeg"}],"author":"Edyta Go\u0142a\u015b","twitter_card":"summary_large_image","twitter_misc":{"Napisane przez":"Edyta Go\u0142a\u015b","Szacowany czas czytania":"12 minut"},"schema":{"@context":"https:\/\/schema.org","@graph":[{"@type":"Article","@id":"https:\/\/biozdrowy.pl\/blog\/rytm-dobowy-jak-dziala-zegar-biologiczny-czlowieka\/#article","isPartOf":{"@id":"https:\/\/biozdrowy.pl\/blog\/rytm-dobowy-jak-dziala-zegar-biologiczny-czlowieka\/"},"author":{"name":"Edyta Go\u0142a\u015b","@id":"https:\/\/biozdrowy.pl\/blog\/#\/schema\/person\/140a327719b6ca42d88fd4b1865f0385"},"headline":"Rytm dobowy \u2013 jak dzia\u0142a zegar biologiczny cz\u0142owieka?","datePublished":"2026-04-29T08:00:00+00:00","mainEntityOfPage":{"@id":"https:\/\/biozdrowy.pl\/blog\/rytm-dobowy-jak-dziala-zegar-biologiczny-czlowieka\/"},"wordCount":2242,"commentCount":0,"publisher":{"@id":"https:\/\/biozdrowy.pl\/blog\/#organization"},"image":{"@id":"https:\/\/biozdrowy.pl\/blog\/rytm-dobowy-jak-dziala-zegar-biologiczny-czlowieka\/#primaryimage"},"thumbnailUrl":"https:\/\/biozdrowy.pl\/blog\/wp-content\/uploads\/2026\/04\/rytm-dobowy-jak-dziala-zegar-biologiczny-czlowieka.jpg","articleSection":["Styl \u017cycia","Zdrowie i uroda"],"inLanguage":"pl-PL","potentialAction":[{"@type":"CommentAction","name":"Comment","target":["https:\/\/biozdrowy.pl\/blog\/rytm-dobowy-jak-dziala-zegar-biologiczny-czlowieka\/#respond"]}]},{"@type":"WebPage","@id":"https:\/\/biozdrowy.pl\/blog\/rytm-dobowy-jak-dziala-zegar-biologiczny-czlowieka\/","url":"https:\/\/biozdrowy.pl\/blog\/rytm-dobowy-jak-dziala-zegar-biologiczny-czlowieka\/","name":"Rytm dobowy \u2013 jak dzia\u0142a zegar biologiczny cz\u0142owieka? - Blog","isPartOf":{"@id":"https:\/\/biozdrowy.pl\/blog\/#website"},"primaryImageOfPage":{"@id":"https:\/\/biozdrowy.pl\/blog\/rytm-dobowy-jak-dziala-zegar-biologiczny-czlowieka\/#primaryimage"},"image":{"@id":"https:\/\/biozdrowy.pl\/blog\/rytm-dobowy-jak-dziala-zegar-biologiczny-czlowieka\/#primaryimage"},"thumbnailUrl":"https:\/\/biozdrowy.pl\/blog\/wp-content\/uploads\/2026\/04\/rytm-dobowy-jak-dziala-zegar-biologiczny-czlowieka.jpg","datePublished":"2026-04-29T08:00:00+00:00","description":"Zaburzony rytm dobowy wp\u0142ywa na biologiczne procesy w organizmie. Sprawd\u017a, jak dzia\u0142a rytm oko\u0142odobowy i co zrobi\u0107, by \u0142atwiej zasypia\u0107.","breadcrumb":{"@id":"https:\/\/biozdrowy.pl\/blog\/rytm-dobowy-jak-dziala-zegar-biologiczny-czlowieka\/#breadcrumb"},"inLanguage":"pl-PL","potentialAction":[{"@type":"ReadAction","target":["https:\/\/biozdrowy.pl\/blog\/rytm-dobowy-jak-dziala-zegar-biologiczny-czlowieka\/"]}]},{"@type":"ImageObject","inLanguage":"pl-PL","@id":"https:\/\/biozdrowy.pl\/blog\/rytm-dobowy-jak-dziala-zegar-biologiczny-czlowieka\/#primaryimage","url":"https:\/\/biozdrowy.pl\/blog\/wp-content\/uploads\/2026\/04\/rytm-dobowy-jak-dziala-zegar-biologiczny-czlowieka.jpg","contentUrl":"https:\/\/biozdrowy.pl\/blog\/wp-content\/uploads\/2026\/04\/rytm-dobowy-jak-dziala-zegar-biologiczny-czlowieka.jpg","width":1200,"height":630,"caption":"Rytm dobowy \u2013 jak dzia\u0142a zegar biologiczny cz\u0142owieka? - obrazek wyr\u00f3\u017cniaj\u0105cy"},{"@type":"BreadcrumbList","@id":"https:\/\/biozdrowy.pl\/blog\/rytm-dobowy-jak-dziala-zegar-biologiczny-czlowieka\/#breadcrumb","itemListElement":[{"@type":"ListItem","position":1,"name":"Strona g\u0142\u00f3wna","item":"https:\/\/biozdrowy.pl\/blog\/"},{"@type":"ListItem","position":2,"name":"Rytm dobowy \u2013 jak dzia\u0142a zegar biologiczny cz\u0142owieka?"}]},{"@type":"WebSite","@id":"https:\/\/biozdrowy.pl\/blog\/#website","url":"https:\/\/biozdrowy.pl\/blog\/","name":"Strefa Wiedzy Biozdrowy","description":"","publisher":{"@id":"https:\/\/biozdrowy.pl\/blog\/#organization"},"potentialAction":[{"@type":"SearchAction","target":{"@type":"EntryPoint","urlTemplate":"https:\/\/biozdrowy.pl\/blog\/?s={search_term_string}"},"query-input":{"@type":"PropertyValueSpecification","valueRequired":true,"valueName":"search_term_string"}}],"inLanguage":"pl-PL"},{"@type":"Organization","@id":"https:\/\/biozdrowy.pl\/blog\/#organization","name":"Biozdrowy","url":"https:\/\/biozdrowy.pl\/blog\/","logo":{"@type":"ImageObject","inLanguage":"pl-PL","@id":"https:\/\/biozdrowy.pl\/blog\/#\/schema\/logo\/image\/","url":"https:\/\/biozdrowy.pl\/blog\/wp-content\/uploads\/2023\/10\/cropped-Strefa_wiedzy_logo_final.png","contentUrl":"https:\/\/biozdrowy.pl\/blog\/wp-content\/uploads\/2023\/10\/cropped-Strefa_wiedzy_logo_final.png","width":7118,"height":1514,"caption":"Biozdrowy"},"image":{"@id":"https:\/\/biozdrowy.pl\/blog\/#\/schema\/logo\/image\/"}},{"@type":"Person","@id":"https:\/\/biozdrowy.pl\/blog\/#\/schema\/person\/140a327719b6ca42d88fd4b1865f0385","name":"Edyta Go\u0142a\u015b","image":{"@type":"ImageObject","inLanguage":"pl-PL","@id":"https:\/\/secure.gravatar.com\/avatar\/1bfc8ccd4349eca95ec0dda9d88fa762c39bcd4fb3ecae0287f1bdcaa1af6131?s=96&d=mm&r=g","url":"https:\/\/secure.gravatar.com\/avatar\/1bfc8ccd4349eca95ec0dda9d88fa762c39bcd4fb3ecae0287f1bdcaa1af6131?s=96&d=mm&r=g","contentUrl":"https:\/\/secure.gravatar.com\/avatar\/1bfc8ccd4349eca95ec0dda9d88fa762c39bcd4fb3ecae0287f1bdcaa1af6131?s=96&d=mm&r=g","caption":"Edyta Go\u0142a\u015b"},"description":"Magister kosmetologii Jej pasj\u0105 jest rozk\u0142adanie problem\u00f3w sk\u00f3rnych na czynniki pierwsze tak, aby odnale\u017a\u0107 ich prawdziw\u0105 przyczyn\u0119. W swojej pracy kieruje si\u0119 nurtem holistycznym, dzi\u0119ki czemu potrafi pom\u00f3c skutecznie zadba\u0107 o zdrowie nawet najbardziej wymagaj\u0105cej sk\u00f3ry.","url":"https:\/\/biozdrowy.pl\/blog\/author\/edytagolas\/"}]}},"_links":{"self":[{"href":"https:\/\/biozdrowy.pl\/blog\/wp-json\/wp\/v2\/posts\/8478","targetHints":{"allow":["GET"]}}],"collection":[{"href":"https:\/\/biozdrowy.pl\/blog\/wp-json\/wp\/v2\/posts"}],"about":[{"href":"https:\/\/biozdrowy.pl\/blog\/wp-json\/wp\/v2\/types\/post"}],"author":[{"embeddable":true,"href":"https:\/\/biozdrowy.pl\/blog\/wp-json\/wp\/v2\/users\/12"}],"replies":[{"embeddable":true,"href":"https:\/\/biozdrowy.pl\/blog\/wp-json\/wp\/v2\/comments?post=8478"}],"version-history":[{"count":2,"href":"https:\/\/biozdrowy.pl\/blog\/wp-json\/wp\/v2\/posts\/8478\/revisions"}],"predecessor-version":[{"id":8485,"href":"https:\/\/biozdrowy.pl\/blog\/wp-json\/wp\/v2\/posts\/8478\/revisions\/8485"}],"wp:featuredmedia":[{"embeddable":true,"href":"https:\/\/biozdrowy.pl\/blog\/wp-json\/wp\/v2\/media\/8479"}],"wp:attachment":[{"href":"https:\/\/biozdrowy.pl\/blog\/wp-json\/wp\/v2\/media?parent=8478"}],"wp:term":[{"taxonomy":"category","embeddable":true,"href":"https:\/\/biozdrowy.pl\/blog\/wp-json\/wp\/v2\/categories?post=8478"},{"taxonomy":"post_tag","embeddable":true,"href":"https:\/\/biozdrowy.pl\/blog\/wp-json\/wp\/v2\/tags?post=8478"}],"curies":[{"name":"wp","href":"https:\/\/api.w.org\/{rel}","templated":true}]}}