{"id":8147,"date":"2026-02-28T08:00:00","date_gmt":"2026-02-28T08:00:00","guid":{"rendered":"https:\/\/biozdrowy.pl\/blog\/?p=8147"},"modified":"2026-02-26T13:58:48","modified_gmt":"2026-02-26T13:58:48","slug":"jak-przyciemnic-skore-bez-opalania","status":"publish","type":"post","link":"https:\/\/biozdrowy.pl\/blog\/jak-przyciemnic-skore-bez-opalania\/","title":{"rendered":"Jak przyciemni\u0107 sk\u00f3r\u0119 bez opalania?"},"content":{"rendered":"\n<p>Chcesz przyciemni\u0107 sk\u00f3r\u0119 bez opalania i bez ryzyka smug? Coraz wi\u0119cej os\u00f3b szuka naturalnych metod, kt\u00f3re pozwalaj\u0105 uzyska\u0107 efekt opalenizny bez ekspozycji na s\u0142o\u0144ce i bez korzystania z solarium. Mo\u017cna to osi\u0105gn\u0105\u0107 dzi\u0119ki odpowiedniej piel\u0119gnacji, diecie i dobrze dobranym kosmetykom. Wa\u017cne jest jednak, by dzia\u0142a\u0107 bezpiecznie i z wyczuciem \u2013 tak, by efekt by\u0142 widoczny, ale jednocze\u015bnie subtelny i r\u00f3wnomierny. Z tego artyku\u0142u dowiesz si\u0119, jak to zrobi\u0107.<\/p>\n\n\n\n<div id=\"ez-toc-container\" class=\"ez-toc-v2_0_82_2 counter-hierarchy ez-toc-counter ez-toc-grey ez-toc-container-direction\">\n<div class=\"ez-toc-title-container\">\n<p class=\"ez-toc-title\" style=\"cursor:inherit\">Spis tre\u015bci<\/p>\n<span class=\"ez-toc-title-toggle\"><a href=\"#\" class=\"ez-toc-pull-right ez-toc-btn ez-toc-btn-xs ez-toc-btn-default ez-toc-toggle\" aria-label=\"Prze\u0142\u0105cznik Spisu Tre\u015bci\"><span class=\"ez-toc-js-icon-con\"><span class=\"\"><span class=\"eztoc-hide\" style=\"display:none;\">Toggle<\/span><span class=\"ez-toc-icon-toggle-span\"><svg style=\"fill: #999;color:#999\" xmlns=\"http:\/\/www.w3.org\/2000\/svg\" class=\"list-377408\" width=\"20px\" height=\"20px\" viewBox=\"0 0 24 24\" fill=\"none\"><path d=\"M6 6H4v2h2V6zm14 0H8v2h12V6zM4 11h2v2H4v-2zm16 0H8v2h12v-2zM4 16h2v2H4v-2zm16 0H8v2h12v-2z\" fill=\"currentColor\"><\/path><\/svg><svg style=\"fill: #999;color:#999\" class=\"arrow-unsorted-368013\" xmlns=\"http:\/\/www.w3.org\/2000\/svg\" width=\"10px\" height=\"10px\" viewBox=\"0 0 24 24\" version=\"1.2\" baseProfile=\"tiny\"><path d=\"M18.2 9.3l-6.2-6.3-6.2 6.3c-.2.2-.3.4-.3.7s.1.5.3.7c.2.2.4.3.7.3h11c.3 0 .5-.1.7-.3.2-.2.3-.5.3-.7s-.1-.5-.3-.7zM5.8 14.7l6.2 6.3 6.2-6.3c.2-.2.3-.5.3-.7s-.1-.5-.3-.7c-.2-.2-.4-.3-.7-.3h-11c-.3 0-.5.1-.7.3-.2.2-.3.5-.3.7s.1.5.3.7z\"\/><\/svg><\/span><\/span><\/span><\/a><\/span><\/div>\n<nav><ul class='ez-toc-list ez-toc-list-level-1 ' ><li class='ez-toc-page-1 ez-toc-heading-level-2'><a class=\"ez-toc-link ez-toc-heading-1\" href=\"https:\/\/biozdrowy.pl\/blog\/jak-przyciemnic-skore-bez-opalania\/#Czy_da_sie_przyciemnic_skore_w_naturalny_sposob\" >Czy da si\u0119 przyciemni\u0107 sk\u00f3r\u0119 w naturalny spos\u00f3b?<\/a><\/li><li class='ez-toc-page-1 ez-toc-heading-level-2'><a class=\"ez-toc-link ez-toc-heading-2\" href=\"https:\/\/biozdrowy.pl\/blog\/jak-przyciemnic-skore-bez-opalania\/#Domowe_sposoby_na_naturalne_przyciemnienie_skory_bez_opalania\" >Domowe sposoby na naturalne przyciemnienie sk\u00f3ry bez opalania<\/a><\/li><li class='ez-toc-page-1 ez-toc-heading-level-2'><a class=\"ez-toc-link ez-toc-heading-3\" href=\"https:\/\/biozdrowy.pl\/blog\/jak-przyciemnic-skore-bez-opalania\/#Jakie_kosmetyki_daja_efekt_opalenizny\" >Jakie kosmetyki daj\u0105 efekt opalenizny?<\/a><\/li><li class='ez-toc-page-1 ez-toc-heading-level-2'><a class=\"ez-toc-link ez-toc-heading-4\" href=\"https:\/\/biozdrowy.pl\/blog\/jak-przyciemnic-skore-bez-opalania\/#Co_jesc_na_ciemny_kolor_skory\" >Co je\u015b\u0107 na ciemny kolor sk\u00f3ry?<\/a><\/li><li class='ez-toc-page-1 ez-toc-heading-level-2'><a class=\"ez-toc-link ez-toc-heading-5\" href=\"https:\/\/biozdrowy.pl\/blog\/jak-przyciemnic-skore-bez-opalania\/#Jak_bezpiecznie_przyciemniac_skore\" >Jak bezpiecznie przyciemnia\u0107 sk\u00f3r\u0119?<\/a><\/li><li class='ez-toc-page-1 ez-toc-heading-level-2'><a class=\"ez-toc-link ez-toc-heading-6\" href=\"https:\/\/biozdrowy.pl\/blog\/jak-przyciemnic-skore-bez-opalania\/#Badania_nad_naturalnym_przyciemnieniem_skory\" >Badania nad naturalnym przyciemnieniem sk\u00f3ry<\/a><ul class='ez-toc-list-level-3' ><li class='ez-toc-heading-level-3'><a class=\"ez-toc-link ez-toc-heading-7\" href=\"https:\/\/biozdrowy.pl\/blog\/jak-przyciemnic-skore-bez-opalania\/#Jak_przyciemnic_skore_bez_opalania_Podsumowanie\" >Jak przyciemni\u0107 sk\u00f3r\u0119 bez opalania | Podsumowanie<\/a><\/li><\/ul><\/li><li class='ez-toc-page-1 ez-toc-heading-level-2'><a class=\"ez-toc-link ez-toc-heading-8\" href=\"https:\/\/biozdrowy.pl\/blog\/jak-przyciemnic-skore-bez-opalania\/#FAQ\" >FAQ<\/a><ul class='ez-toc-list-level-3' ><li class='ez-toc-heading-level-3'><a class=\"ez-toc-link ez-toc-heading-9\" href=\"https:\/\/biozdrowy.pl\/blog\/jak-przyciemnic-skore-bez-opalania\/#Ile_marchewek_dziennie_zeby_zmienic_kolor_skory\" >Ile marchewek dziennie, \u017ceby zmieni\u0107 kolor sk\u00f3ry?<\/a><\/li><li class='ez-toc-page-1 ez-toc-heading-level-3'><a class=\"ez-toc-link ez-toc-heading-10\" href=\"https:\/\/biozdrowy.pl\/blog\/jak-przyciemnic-skore-bez-opalania\/#Czy_witamina_A_przyciemnia_skore\" >Czy witamina A przyciemnia sk\u00f3r\u0119?<\/a><\/li><li class='ez-toc-page-1 ez-toc-heading-level-3'><a class=\"ez-toc-link ez-toc-heading-11\" href=\"https:\/\/biozdrowy.pl\/blog\/jak-przyciemnic-skore-bez-opalania\/#Jak_przyciemnic_skore_twarzy\" >Jak przyciemni\u0107 sk\u00f3r\u0119 twarzy?<\/a><\/li><\/ul><\/li><li class='ez-toc-page-1 ez-toc-heading-level-2'><a class=\"ez-toc-link ez-toc-heading-12\" href=\"https:\/\/biozdrowy.pl\/blog\/jak-przyciemnic-skore-bez-opalania\/#Zobacz_takze\" >Zobacz tak\u017ce<\/a><\/li><li class='ez-toc-page-1 ez-toc-heading-level-2'><a class=\"ez-toc-link ez-toc-heading-13\" href=\"https:\/\/biozdrowy.pl\/blog\/jak-przyciemnic-skore-bez-opalania\/#Bibliografia\" >Bibliografia<\/a><\/li><\/ul><\/nav><\/div>\n<h2 class=\"wp-block-heading\"><span class=\"ez-toc-section\" id=\"Czy_da_sie_przyciemnic_skore_w_naturalny_sposob\"><\/span><strong>Czy da si\u0119 przyciemni\u0107 sk\u00f3r\u0119 w naturalny spos\u00f3b?<\/strong><span class=\"ez-toc-section-end\"><\/span><\/h2>\n\n\n\n<p>Nie ka\u017cdy chce korzysta\u0107 z opalania \u2014 i to z r\u00f3\u017cnych powod\u00f3w. Mo\u017ce to by\u0107 wra\u017cliwa sk\u00f3ra, ryzyko przebarwie\u0144 albo po prostu ch\u0119\u0107 unikni\u0119cia promieniowania UV, kt\u00f3re przyspiesza fotostarzenie i wp\u0142ywa na utrat\u0119 kolagenu. Dobra wiadomo\u015b\u0107 jest taka, \u017ce istniej\u0105 naturalne sposoby na przyciemnienie sk\u00f3ry \u2014 bez konieczno\u015bci wychodzenia na s\u0142o\u0144ce czy korzystania z solarium.<\/p>\n\n\n\n<p>Alternatywny efekt naturalnego przyciemnienia sk\u00f3ry nie polega na pobudzaniu produkcji melaniny jak podczas ekspozycji na s\u0142o\u0144ce, ale na dostarczaniu sk\u0142adnik\u00f3w, kt\u00f3re delikatnie barwi\u0105 sk\u00f3r\u0119 lub wp\u0142ywaj\u0105 na jej koloryt od wewn\u0105trz.<\/p>\n\n\n\n<p>W praktyce mo\u017cesz uzyska\u0107 subtelny br\u0105zowy odcie\u0144, kt\u00f3ry b\u0119dzie wygl\u0105da\u0107 naturalnie i estetycznie, bez smug i ryzyka oparze\u0144 s\u0142onecznych. Trzeba jednak wiedzie\u0107, jakie sk\u0142adniki przyciemniaj\u0105 sk\u00f3r\u0119, jak je stosowa\u0107 i jak zadba\u0107 o r\u00f3wnomierne rozprowadzenie.&nbsp;<\/p>\n\n\n<div class=\"wp-block-image\">\n<figure class=\"aligncenter size-full\"><img loading=\"lazy\" decoding=\"async\" width=\"940\" height=\"700\" src=\"https:\/\/biozdrowy.pl\/blog\/wp-content\/uploads\/2026\/02\/naturalne-przyciemnienie-skory.jpg\" alt=\"Domowe sposoby na naturalne przyciemnienie sk\u00f3ry: - infografika\" class=\"wp-image-8151\" srcset=\"https:\/\/biozdrowy.pl\/blog\/wp-content\/uploads\/2026\/02\/naturalne-przyciemnienie-skory.jpg 940w, https:\/\/biozdrowy.pl\/blog\/wp-content\/uploads\/2026\/02\/naturalne-przyciemnienie-skory-300x223.jpg 300w, https:\/\/biozdrowy.pl\/blog\/wp-content\/uploads\/2026\/02\/naturalne-przyciemnienie-skory-768x572.jpg 768w, https:\/\/biozdrowy.pl\/blog\/wp-content\/uploads\/2026\/02\/naturalne-przyciemnienie-skory-432x322.jpg 432w\" sizes=\"auto, (max-width: 940px) 100vw, 940px\" \/><\/figure><\/div>\n\n\n<h2 class=\"wp-block-heading\"><span class=\"ez-toc-section\" id=\"Domowe_sposoby_na_naturalne_przyciemnienie_skory_bez_opalania\"><\/span><strong>Domowe sposoby na naturalne przyciemnienie sk\u00f3ry bez opalania<\/strong><span class=\"ez-toc-section-end\"><\/span><\/h2>\n\n\n\n<p>Je\u015bli marzysz o subtelnej opaleni\u017anie, ale nie chcesz wystawia\u0107 si\u0119 na dzia\u0142anie promieni s\u0142onecznych, mo\u017cesz si\u0119gn\u0105\u0107 po domowe metody. Wiele naturalnych sk\u0142adnik\u00f3w zawiera barwniki, kt\u00f3re przyciemniaj\u0105 sk\u00f3r\u0119 w spos\u00f3b delikatny, a przy tym piel\u0119gnuj\u0105 i nie powoduj\u0105 skutk\u00f3w ubocznych typowych dla intensywnego opalania.<\/p>\n\n\n\n<p><strong>Olej z marchwi zawiera beta-karoten \u2013 naturalny pigment, kt\u00f3ry mo\u017ce nada\u0107 sk\u00f3rze z\u0142ocisty odcie\u0144. <\/strong>Stosowany regularnie jako balsam do cia\u0142a lub dodatek do piel\u0119gnacji twarzy, dzia\u0142a jak naturalny \u201eroz\u015bwietlacz\u201d, kt\u00f3ry z czasem wp\u0142ywa na koloryt sk\u00f3ry. Dla lepszego efektu warto po\u0142\u0105czy\u0107 aplikacj\u0119 z diet\u0105 bogat\u0105 w karotenoidy.<\/p>\n\n\n\n<p>Naturalne kakao i zmielona kawa to nie tylko sk\u0142adniki kuchenne, ale te\u017c domowe \u201ebronzery\u201d. Mo\u017cesz z nich przygotowa\u0107 peeling lub maseczk\u0119, kt\u00f3re delikatnie barwi\u0105 nask\u00f3rek i poprawiaj\u0105 mikrokr\u0105\u017cenie. Efekt jest subtelny, ale widoczny ju\u017c po kilku u\u017cyciach.<\/p>\n\n\n\n<p>Mo\u017cesz te\u017c wykorzysta\u0107 czarn\u0105 herbat\u0119. Jest to jeden z najprostszych sposob\u00f3w na przyciemnienie sk\u00f3ry bez opalania.<strong> Przemywanie sk\u00f3ry naparem z czarnej herbaty<\/strong> dzia\u0142a jak naturalny tonik, kt\u00f3ry <strong>mo\u017ce przyciemni\u0107 j\u0105 o p\u00f3\u0142 tonu<\/strong>. Dodatkowo herbata ma dzia\u0142anie \u015bci\u0105gaj\u0105ce i \u0142agodz\u0105ce.<\/p>\n\n\n\n<p>A co powiesz na<strong> mas\u0142o kakaowe<\/strong>? Nie tylko nawil\u017ca, ale te\u017c stopniowo br\u0105zuje sk\u00f3r\u0119 \u2013 zw\u0142aszcza je\u015bli u\u017cywasz go regularnie. Do tego ma naturalny, ciep\u0142y zapach, kt\u00f3ry d\u0142ugo utrzymuje si\u0119 na sk\u00f3rze mu\u015bni\u0119tej s\u0142o\u0144cem \u2013 nawet je\u015bli s\u0142o\u0144ca nie by\u0142o wcale.<\/p>\n\n\n\n<p>Podobnie dzia\u0142a <strong>olej z orzecha w\u0142oskiego<\/strong>, kt\u00f3ry by\u0142 wykorzystywany jako naturalny \u201esamoopalacz\u201d ju\u017c przez nasze babcie. Oba te sk\u0142adniki dobrze si\u0119 sprawdzaj\u0105 w codziennej piel\u0119gnacji, a ich w\u0142a\u015bciwo\u015bci mo\u017cna wzmocni\u0107 dodatkiem oleju marchewkowego.<\/p>\n\n\n\n<h2 class=\"wp-block-heading\"><span class=\"ez-toc-section\" id=\"Jakie_kosmetyki_daja_efekt_opalenizny\"><\/span><strong>Jakie kosmetyki daj\u0105 efekt opalenizny?<\/strong><span class=\"ez-toc-section-end\"><\/span><\/h2>\n\n\n\n<p>Je\u015bli zale\u017cy ci na czasie, mo\u017cesz si\u0119gn\u0105\u0107 po gotowe kosmetyki br\u0105zuj\u0105ce. Wyb\u00f3r jest spory \u2013 klasyczne balsamy br\u0105zuj\u0105ce, pianki, spraye i samoopalacze o r\u00f3\u017cnych odcieniach i formu\u0142ach. Nie musisz i\u015b\u0107 do solarium czy nara\u017ca\u0107 sk\u00f3ry na dzia\u0142anie promieni s\u0142onecznych \u2013 dobrze dobrany kosmetyk pozwoli uzyska\u0107 efekt opalonej sk\u00f3ry bez promieniowania UV.<\/p>\n\n\n\n<p><strong>Samoopalacze <\/strong>do twarzy i cia\u0142a zawieraj\u0105 sk\u0142adniki (jak dihydroksyaceton), kt\u00f3re reaguj\u0105 z aminokwasami w warstwie rogowej nask\u00f3rka. To one odpowiadaj\u0105 za br\u0105zowy odcie\u0144 pojawiaj\u0105cy si\u0119 kilka godzin po aplikacji. <strong>Balsam br\u0105zuj\u0105cy<\/strong> dzia\u0142a \u0142agodniej \u2013 daje subteln\u0105 opalenizn\u0119, stopniowo buduj\u0105c kolor przy codziennym stosowaniu.<\/p>\n\n\n\n<p>Warto sprawdzi\u0107, czy kosmetyk zawiera te\u017c sk\u0142adniki piel\u0119gnuj\u0105ce \u2013 np. aloes, mas\u0142o shea czy oleje ro\u015blinne. Dzi\u0119ki temu nie tylko br\u0105zujesz, ale te\u017c piel\u0119gnujesz sk\u00f3r\u0119.<\/p>\n\n\n\n<p><strong>Jak wybra\u0107 odpowiedni kosmetyk?<\/strong><\/p>\n\n\n\n<p>Zanim si\u0119gniesz po pierwszy lepszy produkt, zwr\u00f3\u0107 uwag\u0119 na kilka rzeczy:<\/p>\n\n\n\n<ul class=\"wp-block-list\">\n<li><strong>Odcie\u0144 sk\u00f3ry<\/strong> \u2013 wybieraj kosmetyki dopasowane do swojej karnacji, by unikn\u0105\u0107 efektu \u201epomara\u0144czowych ton\u00f3w\u201d.<\/li>\n\n\n\n<li><strong>Formu\u0142a<\/strong> \u2013 pianka szybciej si\u0119 wch\u0142ania i dobrze sprawdza si\u0119 na cia\u0142o, balsam jest \u0142agodniejszy i \u0142atwiejszy do kontrolowania, spray u\u0142atwia aplikacj\u0119 na plecach i nogach.<\/li>\n\n\n\n<li><strong>Sk\u0142ad<\/strong> \u2013 wybieraj formu\u0142y bez alkoholu i sztucznych barwnik\u00f3w, zw\u0142aszcza je\u015bli masz sk\u00f3r\u0119 wra\u017cliw\u0105.<\/li>\n<\/ul>\n\n\n\n<p>Niezale\u017cnie od rodzaju produktu, zasada jest jedna: sk\u00f3ra musi by\u0107 dobrze przygotowana. Zadbaj o dok\u0142adne z\u0142uszczenie martwego nask\u00f3rka, szczeg\u00f3lnie na kolanach, \u0142okciach i kostkach. To pozwoli unikn\u0105\u0107 plam i smug i sprawi, \u017ce efekt b\u0119dzie r\u00f3wnomierny.<\/p>\n\n\n\n<p>Po aplikacji umyj d\u0142onie i odczekaj, a\u017c produkt si\u0119 wch\u0142onie \u2013 najlepiej w ciemniejszym, lu\u017anym ubraniu. I pami\u0119taj \u2013 je\u015bli chcesz piel\u0119gnowa\u0107 sk\u00f3r\u0119 i uzyska\u0107 po\u017c\u0105dany efekt, nie spiesz si\u0119. Lepiej na\u0142o\u017cy\u0107 mniej i powt\u00f3rzy\u0107 zabieg ni\u017c walczy\u0107 z niechcianym odcieniem.<\/p>\n\n\n\n<p class=\"has-text-align-center\"><strong><em>Warto wiedzie\u0107: <\/em><\/strong><em>Je\u015bli boisz si\u0119, \u017ce nie poradzisz sobie z nak\u0142adaniem samoopalacza w domu albo zale\u017cy ci na szybszym efekcie, mo\u017cesz te\u017c skorzysta\u0107 z opalania natryskowego. To zabieg wykonywany w salonach kosmetycznych, podczas kt\u00f3rego na sk\u00f3r\u0119 rozpyla si\u0119 specjalny preparat br\u0105zuj\u0105cy. Efekt widoczny jest od razu, bez konieczno\u015bci ekspozycji na s\u0142o\u0144ce, a przy dobrej piel\u0119gnacji utrzymuje si\u0119 nawet do 7 dni.<\/em><\/p>\n\n\n    <div id=\"pswp-products\">\n        <section class=\"product-miniatures\">\n            <div class=\"products product_list row grid \">\n                <div class=\"product_list_item \">\n                    <article class=\"product-miniature js-product-miniature\">\n                        <div class=\"thumbnail-container\">\n                            <a href=\"https:\/\/biozdrowy.pl\/beta-karoten-rozpuszczony-w-bio-oleju-konopnym-30-ml\/\" class=\"thumbnail product-thumbnail\">\n                                <img decoding=\"async\" src=\"https:\/\/biozdrowy.pl\/16543-home_default\/beta-karoten-rozpuszczony-w-bio-oleju-konopnym-30-ml.jpg\" alt=\"Beta Karoten w oleju konopnym HempKing 30 ml\">\n                            <\/a>\n                                                                                                <span class=\"discount-product discount-percentage\">-45%<\/span>\n                                                                                    <\/div>\n                        <div class=\"info-container\">\n                            <div class=\"product-description\">\n                                <div class=\"product-name-wrp\">\n                                    <p class=\"h3 product-title\">\n                                        <a href=\"https:\/\/biozdrowy.pl\/beta-karoten-rozpuszczony-w-bio-oleju-konopnym-30-ml\/\">Beta Karoten w oleju konopnym HempKing 30 ml<\/a>\n                                    <\/p>\n                                <\/div>\n                                <div class=\"product-price-and-shipping\">\n                                                                            <span class=\"regular-price\">44,99\u00a0z\u0142<\/span>\n                                                                        <span>24,74\u00a0z\u0142<\/span>\n                                <\/div>\n                            <\/div>\n                            <div class=\"highlighted-informations\">\n                                <div class=\"pswp-add-to-cart-wrp\">\n                                    <form method=\"post\" action=\"https:\/\/biozdrowy.pl\/koszyk\">\n                                        <input type=\"hidden\" name=\"token\" value=\"\" class=\"pswp-token\">\n                                        <input type=\"hidden\" name=\"id_product\" value=\"11438\">\n                                                                                    <input type=\"hidden\" name=\"add\" value=\"1\">\n                                                                                <input type=\"hidden\" name=\"id_product_attribute\" value=\"0\">\n                                        <button name=\"add_to_cart\" class=\"pswp-add-to-cart-btn pswp-font-icon\">Dodaj do koszyka<\/button>\n                                    <\/form>\n                                <\/div>\n                                <div class=\"pswp-add-to-cart-wrp pswp-btn-info-wrp\">\n                                    <a href=\"https:\/\/biozdrowy.pl\/beta-karoten-rozpuszczony-w-bio-oleju-konopnym-30-ml\/\" class=\"pswp-view pswp-font-icon\">Wi\u0119cej informacji<\/a>\n                                <\/div>\n                                                            <\/div>\n                        <\/div>\n                    <\/article>\n                <\/div><div class=\"product_list_item \">\n                    <article class=\"product-miniature js-product-miniature\">\n                        <div class=\"thumbnail-container\">\n                            <a href=\"https:\/\/biozdrowy.pl\/biowen-witamina-c-complex-100-kaps\/\" class=\"thumbnail product-thumbnail\">\n                                <img decoding=\"async\" src=\"https:\/\/biozdrowy.pl\/18316-home_default\/biowen-witamina-c-complex-100-kaps.jpg\" alt=\"Witamina C Complex + Biowen - 100 kaps.\">\n                            <\/a>\n                                                    <\/div>\n                        <div class=\"info-container\">\n                            <div class=\"product-description\">\n                                <div class=\"product-name-wrp\">\n                                    <p class=\"h3 product-title\">\n                                        <a href=\"https:\/\/biozdrowy.pl\/biowen-witamina-c-complex-100-kaps\/\">Witamina C Complex + Biowen - 100 kaps.<\/a>\n                                    <\/p>\n                                <\/div>\n                                <div class=\"product-price-and-shipping\">\n                                                                        <span>46,99\u00a0z\u0142<\/span>\n                                <\/div>\n                            <\/div>\n                            <div class=\"highlighted-informations\">\n                                <div class=\"pswp-add-to-cart-wrp\">\n                                    <form method=\"post\" action=\"https:\/\/biozdrowy.pl\/koszyk\">\n                                        <input type=\"hidden\" name=\"token\" value=\"\" class=\"pswp-token\">\n                                        <input type=\"hidden\" name=\"id_product\" value=\"9488\">\n                                                                                    <input type=\"hidden\" name=\"add\" value=\"1\">\n                                                                                <input type=\"hidden\" name=\"id_product_attribute\" value=\"0\">\n                                        <button name=\"add_to_cart\" class=\"pswp-add-to-cart-btn pswp-font-icon\">Dodaj do koszyka<\/button>\n                                    <\/form>\n                                <\/div>\n                                <div class=\"pswp-add-to-cart-wrp pswp-btn-info-wrp\">\n                                    <a href=\"https:\/\/biozdrowy.pl\/biowen-witamina-c-complex-100-kaps\/\" class=\"pswp-view pswp-font-icon\">Wi\u0119cej informacji<\/a>\n                                <\/div>\n                                                            <\/div>\n                        <\/div>\n                    <\/article>\n                <\/div>            <\/div>\n        <\/section>\n    <\/div>\n\n\n\n\n<h2 class=\"wp-block-heading\"><span class=\"ez-toc-section\" id=\"Co_jesc_na_ciemny_kolor_skory\"><\/span><strong>Co je\u015b\u0107 na ciemny kolor sk\u00f3ry?<\/strong><span class=\"ez-toc-section-end\"><\/span><\/h2>\n\n\n\n<p>Nie tylko kosmetyki i domowe zabiegi wp\u0142ywaj\u0105 na koloryt sk\u00f3ry. Cho\u0107 mo\u017ce to by\u0107 zaskakuj\u0105ce, twoja dieta te\u017c ma znaczenie. Niekt\u00f3re produkty zawieraj\u0105 naturalne barwniki, kt\u00f3re mog\u0105 sprawi\u0107, \u017ce sk\u00f3ra zyska cieplejszy odcie\u0144.<\/p>\n\n\n\n<p>Najwa\u017cniejszym sk\u0142adnikiem wp\u0142ywaj\u0105cym na przyciemnienie sk\u00f3ry jest <strong>beta-karoten<\/strong>. To naturalny pigment z grupy karotenoid\u00f3w, kt\u00f3ry gromadzi si\u0119 w warstwach sk\u00f3ry i mo\u017ce nadawa\u0107 jej z\u0142ocisty odcie\u0144. Znajdziesz go przede wszystkim w:<\/p>\n\n\n\n<ul class=\"wp-block-list\">\n<li>marchewce,<\/li>\n\n\n\n<li>batatach,<\/li>\n\n\n\n<li>dyni,<\/li>\n\n\n\n<li>jarmu\u017cu,<\/li>\n\n\n\n<li>morelach,<\/li>\n\n\n\n<li>szpinaku.<\/li>\n<\/ul>\n\n\n\n<p>Regularne jedzenie tych produkt\u00f3w nie br\u0105zuje sk\u00f3ry jak samoopalacz, ale wp\u0142ywa na jej og\u00f3lny koloryt i wygl\u0105d \u2013 zw\u0142aszcza je\u015bli \u0142\u0105czysz diet\u0119 z piel\u0119gnacj\u0105.<\/p>\n\n\n\n<p><strong>A co z suplementami?<\/strong> W aptekach i drogeriach znajdziesz suplementy z beta-karotenem, cz\u0119sto oznaczone jako \u201eprzygotowanie sk\u00f3ry do opalania\u201d. Cho\u0107 nie zast\u0105pi\u0105 diety, mog\u0105 by\u0107 wsparciem, szczeg\u00f3lnie przed sezonem letnim. Warto jednak zachowa\u0107 umiar \u2013 nadmiar mo\u017ce prowadzi\u0107 do pomara\u0144czowych ton\u00f3w i nieestetycznego efektu.<\/p>\n\n\n\n<p>Opr\u00f3cz karotenoid\u00f3w wa\u017cne s\u0105 te\u017c witaminy takie jak witamina C, E oraz D. S\u0105 to kluczowe antyoksydanty, kt\u00f3re w synergii wspieraj\u0105 nawil\u017cenie i regeneracj\u0119 sk\u00f3ry, a tak\u017ce chroni\u0105 j\u0105 przed przedwczesnym starzeniem i wspieraj\u0105 jej wygl\u0105d.<\/p>\n\n\n\n<p>Dieta nie zast\u0105pi opalania, ale mo\u017ce wp\u0142yn\u0105\u0107 na naturalne przyciemnienie sk\u00f3ry \u2013 szczeg\u00f3lnie je\u015bli po\u0142\u0105czysz j\u0105 z odpowiedni\u0105 piel\u0119gnacj\u0105.&nbsp;<\/p>\n\n\n\n<h2 class=\"wp-block-heading\"><span class=\"ez-toc-section\" id=\"Jak_bezpiecznie_przyciemniac_skore\"><\/span><strong>Jak bezpiecznie przyciemnia\u0107 sk\u00f3r\u0119?<\/strong><span class=\"ez-toc-section-end\"><\/span><\/h2>\n\n\n\n<p>Je\u015bli chcesz przyciemni\u0107 sk\u00f3r\u0119 bez opalania, zadbaj nie tylko o efekt, ale i o bezpiecze\u0144stwo. Oto, na co warto zwr\u00f3ci\u0107 uwag\u0119:<\/p>\n\n\n\n<ul class=\"wp-block-list\">\n<li><strong>Z\u0142uszcz martwy nask\u00f3rek<\/strong> dzie\u0144 przed aplikacj\u0105 produktu. Peeling wyg\u0142adza sk\u00f3r\u0119 i pomaga unikn\u0105\u0107 plam i smug, szczeg\u00f3lnie na \u0142okciach, kolanach i kostkach.<\/li>\n\n\n\n<li><strong>Wybieraj kosmetyki o prostym, piel\u0119gnuj\u0105cym sk\u0142adzie.<\/strong> Dobrze sprawdzaj\u0105 si\u0119 formu\u0142y z naturalnymi olejami, mas\u0142ami i witaminami, kt\u00f3re dodatkowo piel\u0119gnuj\u0105 sk\u00f3r\u0119.<\/li>\n\n\n\n<li><strong>Nak\u0142adaj produkt cienk\u0105 warstw\u0105 i stopniowo buduj kolor.<\/strong> To najlepszy spos\u00f3b, by uzyska\u0107 subtelny efekt i unikn\u0105\u0107 zbyt intensywnego, pomara\u0144czowego odcienia.<\/li>\n\n\n\n<li><strong>Sprawd\u017a reakcj\u0119 sk\u00f3ry po pierwszej aplikacji. <\/strong>Je\u015bli pojawi si\u0119 pieczenie, \u015bwi\u0105d lub przesuszenie \u2013 zrezygnuj z dalszego stosowania.<\/li>\n\n\n\n<li><strong>Stosuj ochron\u0119 przeciws\u0142oneczn\u0105 na co dzie\u0144.<\/strong> Nawet je\u015bli nie planujesz opalania, sk\u00f3ra nadal jest nara\u017cona na promieniowanie UV, kt\u00f3re sprzyja fotostarzeniu i pojawianiu si\u0119 zmarszczek.<\/li>\n\n\n\n<li><strong>Unikaj ekspozycji na s\u0142o\u0144ce tu\u017c po aplikacji samoopalacza<\/strong> \u2013 zw\u0142aszcza je\u015bli produkt nie zawiera filtra SPF. Dla bezpiecze\u0144stwa sk\u00f3ry zawsze warto mie\u0107 ochron\u0119 przeciws\u0142oneczn\u0105 pod r\u0119k\u0105.<\/li>\n<\/ul>\n\n\n\n<p><strong>A co je\u015bli efekt nie wyszed\u0142 tak, jak powinien? <\/strong>Nier\u00f3wny kolor, plamy lub zbyt intensywny odcie\u0144 sk\u00f3ry zdarzaj\u0105 si\u0119 nawet przy najwi\u0119kszej staranno\u015bci. W takiej sytuacji mo\u017cesz si\u0119gn\u0105\u0107 po delikatny peeling enzymatyczny lub zrobi\u0107 ciep\u0142\u0105 k\u0105piel z dodatkiem sody oczyszczonej i kilku kropel cytryny \u2013 to naturalny spos\u00f3b na stopniowe rozja\u015bnienie sk\u00f3ry. Pomocne s\u0105 te\u017c kosmetyki z\u0142uszczaj\u0105ce z kwasami AHA lub toniki wyr\u00f3wnuj\u0105ce koloryt sk\u00f3ry.<\/p>\n\n\n\n<p>Nie pocieraj sk\u00f3ry agresywnie \u2013 lepiej dzia\u0142a\u0107 \u0142agodnie, ale konsekwentnie. Po wszystkim pami\u0119taj o nawil\u017ceniu \u2013 zadbana sk\u00f3ra szybciej wraca do r\u00f3wnowagi i lepiej reaguje na kolejne pr\u00f3by przyciemnienia bez opalania.<\/p>\n\n\n<div class=\"wp-block-image\">\n<figure class=\"aligncenter size-large\"><img loading=\"lazy\" decoding=\"async\" width=\"1024\" height=\"538\" src=\"https:\/\/biozdrowy.pl\/blog\/wp-content\/uploads\/2026\/02\/opalenizna-naturalna-1024x538.jpg\" alt=\"Naturalna opalenizna - zdj\u0119cie pogl\u0105dowe\" class=\"wp-image-8154\" srcset=\"https:\/\/biozdrowy.pl\/blog\/wp-content\/uploads\/2026\/02\/opalenizna-naturalna-1024x538.jpg 1024w, https:\/\/biozdrowy.pl\/blog\/wp-content\/uploads\/2026\/02\/opalenizna-naturalna-300x158.jpg 300w, https:\/\/biozdrowy.pl\/blog\/wp-content\/uploads\/2026\/02\/opalenizna-naturalna-768x403.jpg 768w, https:\/\/biozdrowy.pl\/blog\/wp-content\/uploads\/2026\/02\/opalenizna-naturalna-432x227.jpg 432w, https:\/\/biozdrowy.pl\/blog\/wp-content\/uploads\/2026\/02\/opalenizna-naturalna.jpg 1200w\" sizes=\"auto, (max-width: 1024px) 100vw, 1024px\" \/><\/figure><\/div>\n\n\n<h2 class=\"wp-block-heading\"><span class=\"ez-toc-section\" id=\"Badania_nad_naturalnym_przyciemnieniem_skory\"><\/span><strong>Badania nad naturalnym przyciemnieniem sk\u00f3ry<\/strong><span class=\"ez-toc-section-end\"><\/span><\/h2>\n\n\n\n<p>Fototyp sk\u00f3ry to nie tylko opis karnacji, ale informacja o zdolno\u015bci organizmu do radzenia sobie z promieniowaniem UV. Od reakcji sk\u00f3ry na s\u0142o\u0144ce zale\u017cy zar\u00f3wno wygl\u0105d, jak i zdrowie. Osoby z fototypem I i II (jasna sk\u00f3ra, blond lub rude w\u0142osy) s\u0105 szczeg\u00f3lnie nara\u017cone na oparzenia oraz wy\u017csze ryzyko nowotwor\u00f3w sk\u00f3ry, dlatego powinny stosowa\u0107 wysokie filtry SPF 30\u201350+ i unika\u0107 s\u0142o\u0144ca w po\u0142udnie.<\/p>\n\n\n\n<p>Fototypy III i IV zwykle si\u0119 opalaj\u0105, ale przy d\u0142ugiej ekspozycji r\u00f3wnie\u017c mog\u0105 ulec poparzeniom \u2013 zalecana jest ochrona SPF 20\u201330. Najciemniejsze typy V i VI dzi\u0119ki wysokiej zawarto\u015bci melaniny maj\u0105 naturaln\u0105 ochron\u0119, jednak tak\u017ce powinny zabezpiecza\u0107 sk\u00f3r\u0119 przed starzeniem i przebarwieniami.<\/p>\n\n\n\n<p>Fototyp wi\u0105\u017ce si\u0119 r\u00f3wnie\u017c z syntez\u0105 witaminy D \u2013 jasna sk\u00f3ra produkuje j\u0105 szybciej, natomiast u os\u00f3b o ciemnej karnacji w krajach o niskim nas\u0142onecznieniu cz\u0119stsze s\u0105 niedobory. Na koloryt cery wp\u0142ywaj\u0105 tak\u017ce karotenoidy z diety (np. marchew, dynia), kt\u00f3re nadaj\u0105 sk\u00f3rze z\u0142ocisty odcie\u0144 i dzia\u0142aj\u0105 antyoksydacyjnie. Ich nadmiar mo\u017ce powodowa\u0107 niegro\u017an\u0105 karotenodermi\u0119. Suplementacja beta-karotenu, luteiny czy likopenu mo\u017ce dodatkowo wspiera\u0107 odporno\u015b\u0107 sk\u00f3ry na UV [1,2,3].<\/p>\n\n\n\n<h3 class=\"wp-block-heading\"><span class=\"ez-toc-section\" id=\"Jak_przyciemnic_skore_bez_opalania_Podsumowanie\"><\/span><strong>Jak przyciemni\u0107 sk\u00f3r\u0119 bez opalania | Podsumowanie<\/strong><span class=\"ez-toc-section-end\"><\/span><\/h3>\n\n\n\n<p>Cho\u0107 przez lata ogromn\u0105 popularno\u015bci\u0105 cieszy\u0142y si\u0119 solaria, dzi\u015b coraz wi\u0119cej os\u00f3b szuka alternatyw, kt\u00f3re nie wymagaj\u0105 ekspozycji na promieniowanie UV. Naturalne oleje, produkty z beta-karotenem czy dobrej jako\u015bci samoopalacze pozwalaj\u0105 uzyska\u0107 po\u017c\u0105dany efekt w domowych warunkach. Co wa\u017cne \u2013 przy odpowiednim przygotowaniu sk\u00f3ry i w\u0142a\u015bciwej aplikacji, efekt jest widoczny ju\u017c po kilku godzinach. Je\u015bli zale\u017cy ci na zdrowiu i wygl\u0105dzie sk\u00f3ry, bezpieczne opalanie to takie, kt\u00f3re nie nara\u017ca na oparzenia ani fotostarzenie. Warto wi\u0119c postawi\u0107 na rozwi\u0105zania, kt\u00f3re \u0142\u0105cz\u0105 piel\u0119gnacj\u0119 z delikatnym przyciemnieniem.<\/p>\n\n\n\n<h2 class=\"wp-block-heading\"><span class=\"ez-toc-section\" id=\"FAQ\"><\/span><strong>FAQ<\/strong><span class=\"ez-toc-section-end\"><\/span><\/h2>\n\n\n<div class=\"wp-block-image\">\n<figure class=\"aligncenter size-large\"><img loading=\"lazy\" decoding=\"async\" width=\"1024\" height=\"213\" src=\"https:\/\/biozdrowy.pl\/blog\/wp-content\/uploads\/2026\/02\/przyciemnienie-skory-faq-1024x213.jpg\" alt=\"Przyciemnienie sk\u00f3ry FAQ - obrazek pogl\u0105dowy\" class=\"wp-image-8155\" srcset=\"https:\/\/biozdrowy.pl\/blog\/wp-content\/uploads\/2026\/02\/przyciemnienie-skory-faq-1024x213.jpg 1024w, https:\/\/biozdrowy.pl\/blog\/wp-content\/uploads\/2026\/02\/przyciemnienie-skory-faq-300x63.jpg 300w, https:\/\/biozdrowy.pl\/blog\/wp-content\/uploads\/2026\/02\/przyciemnienie-skory-faq-768x160.jpg 768w, https:\/\/biozdrowy.pl\/blog\/wp-content\/uploads\/2026\/02\/przyciemnienie-skory-faq-432x90.jpg 432w, https:\/\/biozdrowy.pl\/blog\/wp-content\/uploads\/2026\/02\/przyciemnienie-skory-faq.jpg 1200w\" sizes=\"auto, (max-width: 1024px) 100vw, 1024px\" \/><\/figure><\/div>\n\n\n<h3 class=\"wp-block-heading\"><span class=\"ez-toc-section\" id=\"Ile_marchewek_dziennie_zeby_zmienic_kolor_skory\"><\/span><strong>Ile marchewek dziennie, \u017ceby zmieni\u0107 kolor sk\u00f3ry?<\/strong><span class=\"ez-toc-section-end\"><\/span><\/h3>\n\n\n\n<p>Ju\u017c 1\u20132 marchewki dziennie przez kilka tygodni mog\u0105 wp\u0142yn\u0105\u0107 na delikatne przyciemnienie sk\u00f3ry, szczeg\u00f3lnie u os\u00f3b o jasnej karnacji. Efekt wynika z zawarto\u015bci beta-karotenu, kt\u00f3ry gromadzi si\u0119 w warstwach sk\u00f3ry i mo\u017ce nada\u0107 jej cieplejszy odcie\u0144. Warto jednak zachowa\u0107 umiar \u2013 nadmiar mo\u017ce prowadzi\u0107 do pomara\u0144czowego zabarwienia d\u0142oni i st\u00f3p.<\/p>\n\n\n\n<h3 class=\"wp-block-heading\"><span class=\"ez-toc-section\" id=\"Czy_witamina_A_przyciemnia_skore\"><\/span><strong>Czy witamina A przyciemnia sk\u00f3r\u0119?<\/strong><span class=\"ez-toc-section-end\"><\/span><\/h3>\n\n\n\n<p>Sama witamina A nie br\u0105zuje sk\u00f3ry, ale wspiera zdrowie nask\u00f3rka, jego regeneracj\u0119 i wyr\u00f3wnanie kolorytu. Efekt delikatnego przyciemnienia mo\u017ce wyst\u0105pi\u0107 po spo\u017cyciu jej naturalnej formy \u2013 beta-karotenu, kt\u00f3ry organizm przekszta\u0142ca w\u0142a\u015bnie w witamin\u0119 A. Nie dzia\u0142a to jednak jak samoopalacz, a raczej jako d\u0142ugofalowe wsparcie od wewn\u0105trz.<\/p>\n\n\n\n<h3 class=\"wp-block-heading\"><span class=\"ez-toc-section\" id=\"Jak_przyciemnic_skore_twarzy\"><\/span><strong>Jak przyciemni\u0107 sk\u00f3r\u0119 twarzy?<\/strong><span class=\"ez-toc-section-end\"><\/span><\/h3>\n\n\n\n<p>Sk\u00f3r\u0119 twarzy mo\u017cesz przyciemni\u0107 delikatnie, stosuj\u0105c balsam br\u0105zuj\u0105cy lub samoopalacz przeznaczony do twarzy. Dobrze sprawdzaj\u0105 si\u0119 te\u017c olej marchewkowy, mas\u0142o kakaowe lub herbatki zio\u0142owe do przemywania. Zawsze zaczynaj od pr\u00f3by na ma\u0142ym fragmencie sk\u00f3ry i unikaj zbyt ciemnych produkt\u00f3w \u2013 dzi\u0119ki temu uzyskasz subtelny efekt bez smug i nadmiernego koloru.<\/p>\n\n\n\n<h2 class=\"wp-block-heading\"><span class=\"ez-toc-section\" id=\"Zobacz_takze\"><\/span>Zobacz tak\u017ce<span class=\"ez-toc-section-end\"><\/span><\/h2>\n\n\n\n<p><a href=\"https:\/\/biozdrowy.pl\/blog\/przebarwienia-skory\/\">Przebarwienia sk\u00f3ry \u2013 jak je zredukowa\u0107 i zapobiega\u0107 nowym zmianom?<\/a><\/p>\n\n\n\n<p><a href=\"https:\/\/biozdrowy.pl\/blog\/popekane-usta-o-czym-moga-swiadczyc\/\">Pop\u0119kane usta \u2013 o czym mog\u0105 \u015bwiadczy\u0107?<\/a><\/p>\n\n\n\n<p><a href=\"https:\/\/biozdrowy.pl\/blog\/jak-chronic-skore-i-wlosy-przed-sloncem\/\">Jak chroni\u0107 sk\u00f3r\u0119 i w\u0142osy przed s\u0142o\u0144cem?<\/a><\/p>\n\n\n\n<h2 class=\"wp-block-heading\"><span class=\"ez-toc-section\" id=\"Bibliografia\"><\/span><strong>Bibliografia<\/strong><span class=\"ez-toc-section-end\"><\/span><\/h2>\n\n\n\n<ol class=\"wp-block-list\">\n<li>Sharma, A. N., &amp; Patel, B. C. (2023). Laser Fitzpatrick Skin Type Recommendations. In <em>StatPearls<\/em>. StatPearls Publishing. <a href=\"https:\/\/pubmed.ncbi.nlm.nih.gov\/32491558\/\">https:\/\/pubmed.ncbi.nlm.nih.gov\/32491558\/<\/a><\/li>\n\n\n\n<li>Al Nasser, Y., Jamal, Z., &amp; Albugeaey, M. (2023). Carotenemia. In <em>StatPearls<\/em>. StatPearls Publishing. <a href=\"https:\/\/pubmed.ncbi.nlm.nih.gov\/30521299\/\">https:\/\/pubmed.ncbi.nlm.nih.gov\/30521299\/<\/a><\/li>\n\n\n\n<li>Ma, Y., Li, C., Su, W., Sun, Z., Gao, S., Xie, W., Zhang, B., &amp; Sui, L. (2025). Carotenoids in Skin Photoaging: Unveiling Protective Effects, Molecular Insights, and Safety and Bioavailability Frontiers. <em>Antioxidants (Basel, Switzerland)<\/em>, <em>14<\/em>(5), 577. <a href=\"https:\/\/pubmed.ncbi.nlm.nih.gov\/40427459\/\">https:\/\/pubmed.ncbi.nlm.nih.gov\/40427459\/<\/a><\/li>\n<\/ol>\n","protected":false},"excerpt":{"rendered":"<p>Chcesz przyciemni\u0107 sk\u00f3r\u0119 bez opalania i bez ryzyka smug? Coraz wi\u0119cej os\u00f3b szuka naturalnych metod, kt\u00f3re pozwalaj\u0105 uzyska\u0107 efekt opalenizny bez ekspozycji na s\u0142o\u0144ce i bez korzystania z solarium. Mo\u017cna&#8230;<\/p>\n","protected":false},"author":12,"featured_media":8148,"comment_status":"open","ping_status":"open","sticky":false,"template":"","format":"standard","meta":{"footnotes":""},"categories":[34,37],"tags":[],"class_list":["post-8147","post","type-post","status-publish","format-standard","has-post-thumbnail","hentry","category-styl-zycia","category-zdrowie-i-uroda","article","has-background","has-excerpt","has-avatar","has-author","has-date","has-comment-count","has-category-meta","has-read-more","has-post-media","thumbnail-"],"yoast_head":"<!-- This site is optimized with the Yoast SEO plugin v27.4 - https:\/\/yoast.com\/product\/yoast-seo-wordpress\/ -->\n<title>Jak przyciemni\u0107 sk\u00f3r\u0119 bez opalania? | Blog Biozdrowy<\/title>\n<meta name=\"description\" content=\"Chcesz uzyska\u0107 pi\u0119kn\u0105 opalenizn\u0119 bez promieniowania UV i bez solarium? Sprawd\u017a, jakie naturalne sposoby na przyciemnienie sk\u00f3ry mog\u0105 pom\u00f3c.\" \/>\n<meta name=\"robots\" content=\"index, follow, max-snippet:-1, max-image-preview:large, max-video-preview:-1\" \/>\n<link rel=\"canonical\" href=\"https:\/\/biozdrowy.pl\/blog\/jak-przyciemnic-skore-bez-opalania\/\" \/>\n<meta property=\"og:locale\" content=\"pl_PL\" \/>\n<meta property=\"og:type\" content=\"article\" \/>\n<meta property=\"og:title\" content=\"Jak przyciemni\u0107 sk\u00f3r\u0119 bez opalania? | Blog Biozdrowy\" \/>\n<meta property=\"og:description\" content=\"Chcesz uzyska\u0107 pi\u0119kn\u0105 opalenizn\u0119 bez promieniowania UV i bez solarium? Sprawd\u017a, jakie naturalne sposoby na przyciemnienie sk\u00f3ry mog\u0105 pom\u00f3c.\" \/>\n<meta property=\"og:url\" content=\"https:\/\/biozdrowy.pl\/blog\/jak-przyciemnic-skore-bez-opalania\/\" \/>\n<meta property=\"og:site_name\" content=\"Strefa Wiedzy Biozdrowy\" \/>\n<meta property=\"article:published_time\" content=\"2026-02-28T08:00:00+00:00\" \/>\n<meta property=\"og:image\" content=\"https:\/\/biozdrowy.pl\/blog\/wp-content\/uploads\/2026\/02\/jak-przyciemnic-skore-bez-opalania.jpg\" \/>\n\t<meta property=\"og:image:width\" content=\"1200\" \/>\n\t<meta property=\"og:image:height\" content=\"630\" \/>\n\t<meta property=\"og:image:type\" content=\"image\/jpeg\" \/>\n<meta name=\"author\" content=\"Edyta Go\u0142a\u015b\" \/>\n<meta name=\"twitter:card\" content=\"summary_large_image\" \/>\n<meta name=\"twitter:label1\" content=\"Napisane przez\" \/>\n\t<meta name=\"twitter:data1\" content=\"Edyta Go\u0142a\u015b\" \/>\n\t<meta name=\"twitter:label2\" content=\"Szacowany czas czytania\" \/>\n\t<meta name=\"twitter:data2\" content=\"12 minut\" \/>\n<script type=\"application\/ld+json\" class=\"yoast-schema-graph\">{\"@context\":\"https:\\\/\\\/schema.org\",\"@graph\":[{\"@type\":\"Article\",\"@id\":\"https:\\\/\\\/biozdrowy.pl\\\/blog\\\/jak-przyciemnic-skore-bez-opalania\\\/#article\",\"isPartOf\":{\"@id\":\"https:\\\/\\\/biozdrowy.pl\\\/blog\\\/jak-przyciemnic-skore-bez-opalania\\\/\"},\"author\":{\"name\":\"Edyta Go\u0142a\u015b\",\"@id\":\"https:\\\/\\\/biozdrowy.pl\\\/blog\\\/#\\\/schema\\\/person\\\/140a327719b6ca42d88fd4b1865f0385\"},\"headline\":\"Jak przyciemni\u0107 sk\u00f3r\u0119 bez opalania?\",\"datePublished\":\"2026-02-28T08:00:00+00:00\",\"mainEntityOfPage\":{\"@id\":\"https:\\\/\\\/biozdrowy.pl\\\/blog\\\/jak-przyciemnic-skore-bez-opalania\\\/\"},\"wordCount\":2164,\"commentCount\":0,\"publisher\":{\"@id\":\"https:\\\/\\\/biozdrowy.pl\\\/blog\\\/#organization\"},\"image\":{\"@id\":\"https:\\\/\\\/biozdrowy.pl\\\/blog\\\/jak-przyciemnic-skore-bez-opalania\\\/#primaryimage\"},\"thumbnailUrl\":\"https:\\\/\\\/biozdrowy.pl\\\/blog\\\/wp-content\\\/uploads\\\/2026\\\/02\\\/jak-przyciemnic-skore-bez-opalania.jpg\",\"articleSection\":[\"Styl \u017cycia\",\"Zdrowie i uroda\"],\"inLanguage\":\"pl-PL\",\"potentialAction\":[{\"@type\":\"CommentAction\",\"name\":\"Comment\",\"target\":[\"https:\\\/\\\/biozdrowy.pl\\\/blog\\\/jak-przyciemnic-skore-bez-opalania\\\/#respond\"]}]},{\"@type\":\"WebPage\",\"@id\":\"https:\\\/\\\/biozdrowy.pl\\\/blog\\\/jak-przyciemnic-skore-bez-opalania\\\/\",\"url\":\"https:\\\/\\\/biozdrowy.pl\\\/blog\\\/jak-przyciemnic-skore-bez-opalania\\\/\",\"name\":\"Jak przyciemni\u0107 sk\u00f3r\u0119 bez opalania? | Blog Biozdrowy\",\"isPartOf\":{\"@id\":\"https:\\\/\\\/biozdrowy.pl\\\/blog\\\/#website\"},\"primaryImageOfPage\":{\"@id\":\"https:\\\/\\\/biozdrowy.pl\\\/blog\\\/jak-przyciemnic-skore-bez-opalania\\\/#primaryimage\"},\"image\":{\"@id\":\"https:\\\/\\\/biozdrowy.pl\\\/blog\\\/jak-przyciemnic-skore-bez-opalania\\\/#primaryimage\"},\"thumbnailUrl\":\"https:\\\/\\\/biozdrowy.pl\\\/blog\\\/wp-content\\\/uploads\\\/2026\\\/02\\\/jak-przyciemnic-skore-bez-opalania.jpg\",\"datePublished\":\"2026-02-28T08:00:00+00:00\",\"description\":\"Chcesz uzyska\u0107 pi\u0119kn\u0105 opalenizn\u0119 bez promieniowania UV i bez solarium? Sprawd\u017a, jakie naturalne sposoby na przyciemnienie sk\u00f3ry mog\u0105 pom\u00f3c.\",\"breadcrumb\":{\"@id\":\"https:\\\/\\\/biozdrowy.pl\\\/blog\\\/jak-przyciemnic-skore-bez-opalania\\\/#breadcrumb\"},\"inLanguage\":\"pl-PL\",\"potentialAction\":[{\"@type\":\"ReadAction\",\"target\":[\"https:\\\/\\\/biozdrowy.pl\\\/blog\\\/jak-przyciemnic-skore-bez-opalania\\\/\"]}]},{\"@type\":\"ImageObject\",\"inLanguage\":\"pl-PL\",\"@id\":\"https:\\\/\\\/biozdrowy.pl\\\/blog\\\/jak-przyciemnic-skore-bez-opalania\\\/#primaryimage\",\"url\":\"https:\\\/\\\/biozdrowy.pl\\\/blog\\\/wp-content\\\/uploads\\\/2026\\\/02\\\/jak-przyciemnic-skore-bez-opalania.jpg\",\"contentUrl\":\"https:\\\/\\\/biozdrowy.pl\\\/blog\\\/wp-content\\\/uploads\\\/2026\\\/02\\\/jak-przyciemnic-skore-bez-opalania.jpg\",\"width\":1200,\"height\":630,\"caption\":\"Jak przyciemni\u0107 sk\u00f3r\u0119 bez opalania? - obrazek wyr\u00f3\u017cniaj\u0105cy\"},{\"@type\":\"BreadcrumbList\",\"@id\":\"https:\\\/\\\/biozdrowy.pl\\\/blog\\\/jak-przyciemnic-skore-bez-opalania\\\/#breadcrumb\",\"itemListElement\":[{\"@type\":\"ListItem\",\"position\":1,\"name\":\"Strona g\u0142\u00f3wna\",\"item\":\"https:\\\/\\\/biozdrowy.pl\\\/blog\\\/\"},{\"@type\":\"ListItem\",\"position\":2,\"name\":\"Jak przyciemni\u0107 sk\u00f3r\u0119 bez opalania?\"}]},{\"@type\":\"WebSite\",\"@id\":\"https:\\\/\\\/biozdrowy.pl\\\/blog\\\/#website\",\"url\":\"https:\\\/\\\/biozdrowy.pl\\\/blog\\\/\",\"name\":\"Strefa Wiedzy Biozdrowy\",\"description\":\"\",\"publisher\":{\"@id\":\"https:\\\/\\\/biozdrowy.pl\\\/blog\\\/#organization\"},\"potentialAction\":[{\"@type\":\"SearchAction\",\"target\":{\"@type\":\"EntryPoint\",\"urlTemplate\":\"https:\\\/\\\/biozdrowy.pl\\\/blog\\\/?s={search_term_string}\"},\"query-input\":{\"@type\":\"PropertyValueSpecification\",\"valueRequired\":true,\"valueName\":\"search_term_string\"}}],\"inLanguage\":\"pl-PL\"},{\"@type\":\"Organization\",\"@id\":\"https:\\\/\\\/biozdrowy.pl\\\/blog\\\/#organization\",\"name\":\"Biozdrowy\",\"url\":\"https:\\\/\\\/biozdrowy.pl\\\/blog\\\/\",\"logo\":{\"@type\":\"ImageObject\",\"inLanguage\":\"pl-PL\",\"@id\":\"https:\\\/\\\/biozdrowy.pl\\\/blog\\\/#\\\/schema\\\/logo\\\/image\\\/\",\"url\":\"https:\\\/\\\/biozdrowy.pl\\\/blog\\\/wp-content\\\/uploads\\\/2023\\\/10\\\/cropped-Strefa_wiedzy_logo_final.png\",\"contentUrl\":\"https:\\\/\\\/biozdrowy.pl\\\/blog\\\/wp-content\\\/uploads\\\/2023\\\/10\\\/cropped-Strefa_wiedzy_logo_final.png\",\"width\":7118,\"height\":1514,\"caption\":\"Biozdrowy\"},\"image\":{\"@id\":\"https:\\\/\\\/biozdrowy.pl\\\/blog\\\/#\\\/schema\\\/logo\\\/image\\\/\"}},{\"@type\":\"Person\",\"@id\":\"https:\\\/\\\/biozdrowy.pl\\\/blog\\\/#\\\/schema\\\/person\\\/140a327719b6ca42d88fd4b1865f0385\",\"name\":\"Edyta Go\u0142a\u015b\",\"image\":{\"@type\":\"ImageObject\",\"inLanguage\":\"pl-PL\",\"@id\":\"https:\\\/\\\/secure.gravatar.com\\\/avatar\\\/1bfc8ccd4349eca95ec0dda9d88fa762c39bcd4fb3ecae0287f1bdcaa1af6131?s=96&d=mm&r=g\",\"url\":\"https:\\\/\\\/secure.gravatar.com\\\/avatar\\\/1bfc8ccd4349eca95ec0dda9d88fa762c39bcd4fb3ecae0287f1bdcaa1af6131?s=96&d=mm&r=g\",\"contentUrl\":\"https:\\\/\\\/secure.gravatar.com\\\/avatar\\\/1bfc8ccd4349eca95ec0dda9d88fa762c39bcd4fb3ecae0287f1bdcaa1af6131?s=96&d=mm&r=g\",\"caption\":\"Edyta Go\u0142a\u015b\"},\"description\":\"Magister kosmetologii Jej pasj\u0105 jest rozk\u0142adanie problem\u00f3w sk\u00f3rnych na czynniki pierwsze tak, aby odnale\u017a\u0107 ich prawdziw\u0105 przyczyn\u0119. W swojej pracy kieruje si\u0119 nurtem holistycznym, dzi\u0119ki czemu potrafi pom\u00f3c skutecznie zadba\u0107 o zdrowie nawet najbardziej wymagaj\u0105cej sk\u00f3ry.\",\"url\":\"https:\\\/\\\/biozdrowy.pl\\\/blog\\\/author\\\/edytagolas\\\/\"}]}<\/script>\n<!-- \/ Yoast SEO plugin. -->","yoast_head_json":{"title":"Jak przyciemni\u0107 sk\u00f3r\u0119 bez opalania? | Blog Biozdrowy","description":"Chcesz uzyska\u0107 pi\u0119kn\u0105 opalenizn\u0119 bez promieniowania UV i bez solarium? Sprawd\u017a, jakie naturalne sposoby na przyciemnienie sk\u00f3ry mog\u0105 pom\u00f3c.","robots":{"index":"index","follow":"follow","max-snippet":"max-snippet:-1","max-image-preview":"max-image-preview:large","max-video-preview":"max-video-preview:-1"},"canonical":"https:\/\/biozdrowy.pl\/blog\/jak-przyciemnic-skore-bez-opalania\/","og_locale":"pl_PL","og_type":"article","og_title":"Jak przyciemni\u0107 sk\u00f3r\u0119 bez opalania? | Blog Biozdrowy","og_description":"Chcesz uzyska\u0107 pi\u0119kn\u0105 opalenizn\u0119 bez promieniowania UV i bez solarium? Sprawd\u017a, jakie naturalne sposoby na przyciemnienie sk\u00f3ry mog\u0105 pom\u00f3c.","og_url":"https:\/\/biozdrowy.pl\/blog\/jak-przyciemnic-skore-bez-opalania\/","og_site_name":"Strefa Wiedzy Biozdrowy","article_published_time":"2026-02-28T08:00:00+00:00","og_image":[{"width":1200,"height":630,"url":"https:\/\/biozdrowy.pl\/blog\/wp-content\/uploads\/2026\/02\/jak-przyciemnic-skore-bez-opalania.jpg","type":"image\/jpeg"}],"author":"Edyta Go\u0142a\u015b","twitter_card":"summary_large_image","twitter_misc":{"Napisane przez":"Edyta Go\u0142a\u015b","Szacowany czas czytania":"12 minut"},"schema":{"@context":"https:\/\/schema.org","@graph":[{"@type":"Article","@id":"https:\/\/biozdrowy.pl\/blog\/jak-przyciemnic-skore-bez-opalania\/#article","isPartOf":{"@id":"https:\/\/biozdrowy.pl\/blog\/jak-przyciemnic-skore-bez-opalania\/"},"author":{"name":"Edyta Go\u0142a\u015b","@id":"https:\/\/biozdrowy.pl\/blog\/#\/schema\/person\/140a327719b6ca42d88fd4b1865f0385"},"headline":"Jak przyciemni\u0107 sk\u00f3r\u0119 bez opalania?","datePublished":"2026-02-28T08:00:00+00:00","mainEntityOfPage":{"@id":"https:\/\/biozdrowy.pl\/blog\/jak-przyciemnic-skore-bez-opalania\/"},"wordCount":2164,"commentCount":0,"publisher":{"@id":"https:\/\/biozdrowy.pl\/blog\/#organization"},"image":{"@id":"https:\/\/biozdrowy.pl\/blog\/jak-przyciemnic-skore-bez-opalania\/#primaryimage"},"thumbnailUrl":"https:\/\/biozdrowy.pl\/blog\/wp-content\/uploads\/2026\/02\/jak-przyciemnic-skore-bez-opalania.jpg","articleSection":["Styl \u017cycia","Zdrowie i uroda"],"inLanguage":"pl-PL","potentialAction":[{"@type":"CommentAction","name":"Comment","target":["https:\/\/biozdrowy.pl\/blog\/jak-przyciemnic-skore-bez-opalania\/#respond"]}]},{"@type":"WebPage","@id":"https:\/\/biozdrowy.pl\/blog\/jak-przyciemnic-skore-bez-opalania\/","url":"https:\/\/biozdrowy.pl\/blog\/jak-przyciemnic-skore-bez-opalania\/","name":"Jak przyciemni\u0107 sk\u00f3r\u0119 bez opalania? | Blog Biozdrowy","isPartOf":{"@id":"https:\/\/biozdrowy.pl\/blog\/#website"},"primaryImageOfPage":{"@id":"https:\/\/biozdrowy.pl\/blog\/jak-przyciemnic-skore-bez-opalania\/#primaryimage"},"image":{"@id":"https:\/\/biozdrowy.pl\/blog\/jak-przyciemnic-skore-bez-opalania\/#primaryimage"},"thumbnailUrl":"https:\/\/biozdrowy.pl\/blog\/wp-content\/uploads\/2026\/02\/jak-przyciemnic-skore-bez-opalania.jpg","datePublished":"2026-02-28T08:00:00+00:00","description":"Chcesz uzyska\u0107 pi\u0119kn\u0105 opalenizn\u0119 bez promieniowania UV i bez solarium? Sprawd\u017a, jakie naturalne sposoby na przyciemnienie sk\u00f3ry mog\u0105 pom\u00f3c.","breadcrumb":{"@id":"https:\/\/biozdrowy.pl\/blog\/jak-przyciemnic-skore-bez-opalania\/#breadcrumb"},"inLanguage":"pl-PL","potentialAction":[{"@type":"ReadAction","target":["https:\/\/biozdrowy.pl\/blog\/jak-przyciemnic-skore-bez-opalania\/"]}]},{"@type":"ImageObject","inLanguage":"pl-PL","@id":"https:\/\/biozdrowy.pl\/blog\/jak-przyciemnic-skore-bez-opalania\/#primaryimage","url":"https:\/\/biozdrowy.pl\/blog\/wp-content\/uploads\/2026\/02\/jak-przyciemnic-skore-bez-opalania.jpg","contentUrl":"https:\/\/biozdrowy.pl\/blog\/wp-content\/uploads\/2026\/02\/jak-przyciemnic-skore-bez-opalania.jpg","width":1200,"height":630,"caption":"Jak przyciemni\u0107 sk\u00f3r\u0119 bez opalania? - obrazek wyr\u00f3\u017cniaj\u0105cy"},{"@type":"BreadcrumbList","@id":"https:\/\/biozdrowy.pl\/blog\/jak-przyciemnic-skore-bez-opalania\/#breadcrumb","itemListElement":[{"@type":"ListItem","position":1,"name":"Strona g\u0142\u00f3wna","item":"https:\/\/biozdrowy.pl\/blog\/"},{"@type":"ListItem","position":2,"name":"Jak przyciemni\u0107 sk\u00f3r\u0119 bez opalania?"}]},{"@type":"WebSite","@id":"https:\/\/biozdrowy.pl\/blog\/#website","url":"https:\/\/biozdrowy.pl\/blog\/","name":"Strefa Wiedzy Biozdrowy","description":"","publisher":{"@id":"https:\/\/biozdrowy.pl\/blog\/#organization"},"potentialAction":[{"@type":"SearchAction","target":{"@type":"EntryPoint","urlTemplate":"https:\/\/biozdrowy.pl\/blog\/?s={search_term_string}"},"query-input":{"@type":"PropertyValueSpecification","valueRequired":true,"valueName":"search_term_string"}}],"inLanguage":"pl-PL"},{"@type":"Organization","@id":"https:\/\/biozdrowy.pl\/blog\/#organization","name":"Biozdrowy","url":"https:\/\/biozdrowy.pl\/blog\/","logo":{"@type":"ImageObject","inLanguage":"pl-PL","@id":"https:\/\/biozdrowy.pl\/blog\/#\/schema\/logo\/image\/","url":"https:\/\/biozdrowy.pl\/blog\/wp-content\/uploads\/2023\/10\/cropped-Strefa_wiedzy_logo_final.png","contentUrl":"https:\/\/biozdrowy.pl\/blog\/wp-content\/uploads\/2023\/10\/cropped-Strefa_wiedzy_logo_final.png","width":7118,"height":1514,"caption":"Biozdrowy"},"image":{"@id":"https:\/\/biozdrowy.pl\/blog\/#\/schema\/logo\/image\/"}},{"@type":"Person","@id":"https:\/\/biozdrowy.pl\/blog\/#\/schema\/person\/140a327719b6ca42d88fd4b1865f0385","name":"Edyta Go\u0142a\u015b","image":{"@type":"ImageObject","inLanguage":"pl-PL","@id":"https:\/\/secure.gravatar.com\/avatar\/1bfc8ccd4349eca95ec0dda9d88fa762c39bcd4fb3ecae0287f1bdcaa1af6131?s=96&d=mm&r=g","url":"https:\/\/secure.gravatar.com\/avatar\/1bfc8ccd4349eca95ec0dda9d88fa762c39bcd4fb3ecae0287f1bdcaa1af6131?s=96&d=mm&r=g","contentUrl":"https:\/\/secure.gravatar.com\/avatar\/1bfc8ccd4349eca95ec0dda9d88fa762c39bcd4fb3ecae0287f1bdcaa1af6131?s=96&d=mm&r=g","caption":"Edyta Go\u0142a\u015b"},"description":"Magister kosmetologii Jej pasj\u0105 jest rozk\u0142adanie problem\u00f3w sk\u00f3rnych na czynniki pierwsze tak, aby odnale\u017a\u0107 ich prawdziw\u0105 przyczyn\u0119. W swojej pracy kieruje si\u0119 nurtem holistycznym, dzi\u0119ki czemu potrafi pom\u00f3c skutecznie zadba\u0107 o zdrowie nawet najbardziej wymagaj\u0105cej sk\u00f3ry.","url":"https:\/\/biozdrowy.pl\/blog\/author\/edytagolas\/"}]}},"_links":{"self":[{"href":"https:\/\/biozdrowy.pl\/blog\/wp-json\/wp\/v2\/posts\/8147","targetHints":{"allow":["GET"]}}],"collection":[{"href":"https:\/\/biozdrowy.pl\/blog\/wp-json\/wp\/v2\/posts"}],"about":[{"href":"https:\/\/biozdrowy.pl\/blog\/wp-json\/wp\/v2\/types\/post"}],"author":[{"embeddable":true,"href":"https:\/\/biozdrowy.pl\/blog\/wp-json\/wp\/v2\/users\/12"}],"replies":[{"embeddable":true,"href":"https:\/\/biozdrowy.pl\/blog\/wp-json\/wp\/v2\/comments?post=8147"}],"version-history":[{"count":3,"href":"https:\/\/biozdrowy.pl\/blog\/wp-json\/wp\/v2\/posts\/8147\/revisions"}],"predecessor-version":[{"id":8156,"href":"https:\/\/biozdrowy.pl\/blog\/wp-json\/wp\/v2\/posts\/8147\/revisions\/8156"}],"wp:featuredmedia":[{"embeddable":true,"href":"https:\/\/biozdrowy.pl\/blog\/wp-json\/wp\/v2\/media\/8148"}],"wp:attachment":[{"href":"https:\/\/biozdrowy.pl\/blog\/wp-json\/wp\/v2\/media?parent=8147"}],"wp:term":[{"taxonomy":"category","embeddable":true,"href":"https:\/\/biozdrowy.pl\/blog\/wp-json\/wp\/v2\/categories?post=8147"},{"taxonomy":"post_tag","embeddable":true,"href":"https:\/\/biozdrowy.pl\/blog\/wp-json\/wp\/v2\/tags?post=8147"}],"curies":[{"name":"wp","href":"https:\/\/api.w.org\/{rel}","templated":true}]}}