{"id":7319,"date":"2025-10-25T13:00:00","date_gmt":"2025-10-25T13:00:00","guid":{"rendered":"https:\/\/biozdrowy.pl\/blog\/?p=7319"},"modified":"2025-10-25T08:54:15","modified_gmt":"2025-10-25T08:54:15","slug":"skora-na-posladkach-jak-poprawic-jej-wyglad","status":"publish","type":"post","link":"https:\/\/biozdrowy.pl\/blog\/skora-na-posladkach-jak-poprawic-jej-wyglad\/","title":{"rendered":"Jak poprawi\u0107 wygl\u0105d sk\u00f3ry na po\u015bladkach? Praktyczny poradnik"},"content":{"rendered":"\n<p>Cho\u0107 <strong>sk\u00f3ra na po\u015bladkach<\/strong> nie jest eksponowana tak cz\u0119sto jak twarz czy dekolt, r\u00f3wnie\u017c zas\u0142uguje na odpowiedni\u0105 piel\u0119gnacj\u0119. Niestety, to w\u0142a\u015bnie ta partia cia\u0142a bywa cz\u0119sto pomijana w codziennej rutynie, co sprzyja pojawianiu si\u0119 problem\u00f3w estetycznych. Do najcz\u0119stszych z nich nale\u017c\u0105 sucho\u015b\u0107, krostki, tr\u0105dzik, przebarwienia oraz utrata j\u0119drno\u015bci. Z tego artyku\u0142u dowiesz si\u0119, jak krok po kroku skutecznie zadba\u0107 o wygl\u0105d sk\u00f3ry na po\u015bladkach i przywr\u00f3ci\u0107 jej zdrowy, g\u0142adki wygl\u0105d.<\/p>\n\n\n\n<div id=\"ez-toc-container\" class=\"ez-toc-v2_0_82_2 counter-hierarchy ez-toc-counter ez-toc-grey ez-toc-container-direction\">\n<div class=\"ez-toc-title-container\">\n<p class=\"ez-toc-title\" style=\"cursor:inherit\">Spis tre\u015bci<\/p>\n<span class=\"ez-toc-title-toggle\"><a href=\"#\" class=\"ez-toc-pull-right ez-toc-btn ez-toc-btn-xs ez-toc-btn-default ez-toc-toggle\" aria-label=\"Prze\u0142\u0105cznik Spisu Tre\u015bci\"><span class=\"ez-toc-js-icon-con\"><span class=\"\"><span class=\"eztoc-hide\" style=\"display:none;\">Toggle<\/span><span class=\"ez-toc-icon-toggle-span\"><svg style=\"fill: #999;color:#999\" xmlns=\"http:\/\/www.w3.org\/2000\/svg\" class=\"list-377408\" width=\"20px\" height=\"20px\" viewBox=\"0 0 24 24\" fill=\"none\"><path d=\"M6 6H4v2h2V6zm14 0H8v2h12V6zM4 11h2v2H4v-2zm16 0H8v2h12v-2zM4 16h2v2H4v-2zm16 0H8v2h12v-2z\" fill=\"currentColor\"><\/path><\/svg><svg style=\"fill: #999;color:#999\" class=\"arrow-unsorted-368013\" xmlns=\"http:\/\/www.w3.org\/2000\/svg\" width=\"10px\" height=\"10px\" viewBox=\"0 0 24 24\" version=\"1.2\" baseProfile=\"tiny\"><path d=\"M18.2 9.3l-6.2-6.3-6.2 6.3c-.2.2-.3.4-.3.7s.1.5.3.7c.2.2.4.3.7.3h11c.3 0 .5-.1.7-.3.2-.2.3-.5.3-.7s-.1-.5-.3-.7zM5.8 14.7l6.2 6.3 6.2-6.3c.2-.2.3-.5.3-.7s-.1-.5-.3-.7c-.2-.2-.4-.3-.7-.3h-11c-.3 0-.5.1-.7.3-.2.2-.3.5-.3.7s.1.5.3.7z\"\/><\/svg><\/span><\/span><\/span><\/a><\/span><\/div>\n<nav><ul class='ez-toc-list ez-toc-list-level-1 ' ><li class='ez-toc-page-1 ez-toc-heading-level-2'><a class=\"ez-toc-link ez-toc-heading-1\" href=\"https:\/\/biozdrowy.pl\/blog\/skora-na-posladkach-jak-poprawic-jej-wyglad\/#Dlaczego_skora_na_posladkach_bywa_problematyczna\" >Dlaczego sk\u00f3ra na po\u015bladkach bywa problematyczna?<\/a><\/li><li class='ez-toc-page-1 ez-toc-heading-level-2'><a class=\"ez-toc-link ez-toc-heading-2\" href=\"https:\/\/biozdrowy.pl\/blog\/skora-na-posladkach-jak-poprawic-jej-wyglad\/#Ocena_kondycji_skory_%E2%80%93_pierwszy_krok_do_poprawy\" >Ocena kondycji sk\u00f3ry \u2013 pierwszy krok do poprawy<\/a><\/li><li class='ez-toc-page-1 ez-toc-heading-level-2'><a class=\"ez-toc-link ez-toc-heading-3\" href=\"https:\/\/biozdrowy.pl\/blog\/skora-na-posladkach-jak-poprawic-jej-wyglad\/#Pielegnacja_skory_na_posladkach_krok_po_kroku_%E2%80%93_plan_dzialania\" >Piel\u0119gnacja sk\u00f3ry na po\u015bladkach krok po kroku \u2013 plan dzia\u0142ania<\/a><ul class='ez-toc-list-level-3' ><li class='ez-toc-heading-level-3'><a class=\"ez-toc-link ez-toc-heading-4\" href=\"https:\/\/biozdrowy.pl\/blog\/skora-na-posladkach-jak-poprawic-jej-wyglad\/#Krok_1_Oczyszczanie\" >Krok 1: Oczyszczanie<\/a><\/li><li class='ez-toc-page-1 ez-toc-heading-level-3'><a class=\"ez-toc-link ez-toc-heading-5\" href=\"https:\/\/biozdrowy.pl\/blog\/skora-na-posladkach-jak-poprawic-jej-wyglad\/#Krok_2_Peeling\" >Krok 2: Peeling<\/a><\/li><li class='ez-toc-page-1 ez-toc-heading-level-3'><a class=\"ez-toc-link ez-toc-heading-6\" href=\"https:\/\/biozdrowy.pl\/blog\/skora-na-posladkach-jak-poprawic-jej-wyglad\/#Krok_3_Maseczki_i_kuracje\" >Krok 3: Maseczki i kuracje<\/a><\/li><li class='ez-toc-page-1 ez-toc-heading-level-3'><a class=\"ez-toc-link ez-toc-heading-7\" href=\"https:\/\/biozdrowy.pl\/blog\/skora-na-posladkach-jak-poprawic-jej-wyglad\/#Krok_4_Nawilzanie_i_regeneracja\" >Krok 4: Nawil\u017canie i regeneracja<\/a><\/li><\/ul><\/li><li class='ez-toc-page-1 ez-toc-heading-level-2'><a class=\"ez-toc-link ez-toc-heading-8\" href=\"https:\/\/biozdrowy.pl\/blog\/skora-na-posladkach-jak-poprawic-jej-wyglad\/#Skuteczne_kosmetyki_%E2%80%93_co_warto_miec_pod_reka\" >Skuteczne kosmetyki \u2013 co warto mie\u0107 pod r\u0119k\u0105?<\/a><\/li><li class='ez-toc-page-1 ez-toc-heading-level-2'><a class=\"ez-toc-link ez-toc-heading-9\" href=\"https:\/\/biozdrowy.pl\/blog\/skora-na-posladkach-jak-poprawic-jej-wyglad\/#Styl_zycia_a_skora_na_posladkach\" >Styl \u017cycia a sk\u00f3ra na po\u015bladkach<\/a><ul class='ez-toc-list-level-3' ><li class='ez-toc-heading-level-3'><a class=\"ez-toc-link ez-toc-heading-10\" href=\"https:\/\/biozdrowy.pl\/blog\/skora-na-posladkach-jak-poprawic-jej-wyglad\/#Zdrowa_dieta_i_nawodnienie\" >Zdrowa dieta i nawodnienie<\/a><\/li><li class='ez-toc-page-1 ez-toc-heading-level-3'><a class=\"ez-toc-link ez-toc-heading-11\" href=\"https:\/\/biozdrowy.pl\/blog\/skora-na-posladkach-jak-poprawic-jej-wyglad\/#Przewiewna_naturalna_bielizna\" >Przewiewna, naturalna bielizna<\/a><\/li><li class='ez-toc-page-1 ez-toc-heading-level-3'><a class=\"ez-toc-link ez-toc-heading-12\" href=\"https:\/\/biozdrowy.pl\/blog\/skora-na-posladkach-jak-poprawic-jej-wyglad\/#Codzienna_aktywnosc_fizyczna\" >Codzienna aktywno\u015b\u0107 fizyczna<\/a><\/li><\/ul><\/li><li class='ez-toc-page-1 ez-toc-heading-level-2'><a class=\"ez-toc-link ez-toc-heading-13\" href=\"https:\/\/biozdrowy.pl\/blog\/skora-na-posladkach-jak-poprawic-jej-wyglad\/#Kiedy_warto_skonsultowac_sie_z_dermatologiem\" >Kiedy warto skonsultowa\u0107 si\u0119 z dermatologiem?<\/a><\/li><li class='ez-toc-page-1 ez-toc-heading-level-2'><a class=\"ez-toc-link ez-toc-heading-14\" href=\"https:\/\/biozdrowy.pl\/blog\/skora-na-posladkach-jak-poprawic-jej-wyglad\/#Badania_nad_skora_na_posladkach\" >Badania nad sk\u00f3r\u0105 na po\u015bladkach<\/a><\/li><li class='ez-toc-page-1 ez-toc-heading-level-2'><a class=\"ez-toc-link ez-toc-heading-15\" href=\"https:\/\/biozdrowy.pl\/blog\/skora-na-posladkach-jak-poprawic-jej-wyglad\/#Podsumowanie\" >Podsumowanie<\/a><\/li><li class='ez-toc-page-1 ez-toc-heading-level-2'><a class=\"ez-toc-link ez-toc-heading-16\" href=\"https:\/\/biozdrowy.pl\/blog\/skora-na-posladkach-jak-poprawic-jej-wyglad\/#FAQ\" >FAQ<\/a><ul class='ez-toc-list-level-3' ><li class='ez-toc-heading-level-3'><a class=\"ez-toc-link ez-toc-heading-17\" href=\"https:\/\/biozdrowy.pl\/blog\/skora-na-posladkach-jak-poprawic-jej-wyglad\/#Jak_dlugo_trzeba_czekac_na_efekty\" >Jak d\u0142ugo trzeba czeka\u0107 na efekty?<\/a><\/li><li class='ez-toc-page-1 ez-toc-heading-level-3'><a class=\"ez-toc-link ez-toc-heading-18\" href=\"https:\/\/biozdrowy.pl\/blog\/skora-na-posladkach-jak-poprawic-jej-wyglad\/#Czy_slonce_lub_solarium_pomagaja_w_leczeniu_tradziku_na_posladkach\" >Czy s\u0142o\u0144ce lub solarium pomagaj\u0105 w leczeniu tr\u0105dziku na po\u015bladkach?<\/a><\/li><li class='ez-toc-page-1 ez-toc-heading-level-3'><a class=\"ez-toc-link ez-toc-heading-19\" href=\"https:\/\/biozdrowy.pl\/blog\/skora-na-posladkach-jak-poprawic-jej-wyglad\/#Czy_mozna_stosowac_kosmetyki_do_twarzy_na_posladki\" >Czy mo\u017cna stosowa\u0107 kosmetyki do twarzy na po\u015bladki?<\/a><\/li><\/ul><\/li><li class='ez-toc-page-1 ez-toc-heading-level-2'><a class=\"ez-toc-link ez-toc-heading-20\" href=\"https:\/\/biozdrowy.pl\/blog\/skora-na-posladkach-jak-poprawic-jej-wyglad\/#Bibliografia\" >Bibliografia<\/a><\/li><li class='ez-toc-page-1 ez-toc-heading-level-2'><a class=\"ez-toc-link ez-toc-heading-21\" href=\"https:\/\/biozdrowy.pl\/blog\/skora-na-posladkach-jak-poprawic-jej-wyglad\/#Zobacz_takze\" >Zobacz tak\u017ce<\/a><\/li><\/ul><\/nav><\/div>\n<h2 class=\"wp-block-heading\"><span class=\"ez-toc-section\" id=\"Dlaczego_skora_na_posladkach_bywa_problematyczna\"><\/span><strong>Dlaczego sk\u00f3ra na po\u015bladkach bywa problematyczna?<\/strong><span class=\"ez-toc-section-end\"><\/span><\/h2>\n\n\n\n<p>Sk\u00f3ra na po\u015bladkach bywa szczeg\u00f3lnie podatna na r\u00f3\u017cne problemy, g\u0142\u00f3wnie ze wzgl\u0119du na specyfik\u0119 miejsca i codzienne nawyki. Przede wszystkim wp\u0142ywa na ni\u0105 ci\u0105g\u0142e <strong>tarcie<\/strong> \u2013 od ubra\u0144, bielizny czy d\u0142ugiego siedzenia \u2013 kt\u00f3re mo\u017ce prowadzi\u0107 do podra\u017cnie\u0144, krostek czy szorstko\u015bci. Cz\u0119sto zapominamy te\u017c o regularnym nawil\u017caniu i piel\u0119gnacji tej okolicy, co skutkuje przesuszeniem i utrat\u0105 elastyczno\u015bci. Dodatkowym czynnikiem s\u0105 <strong>zaburzenia hormonalne<\/strong>, <strong>nieodpowiednia dieta<\/strong> i <strong>nadmierna potliwo\u015b\u0107<\/strong> \u2013 wszystko to mo\u017ce sprzyja\u0107 pojawianiu si\u0119 niedoskona\u0142o\u015bci, takich jak tr\u0105dzik czy przebarwienia. Problematyczne okazuje si\u0119 r\u00f3wnie\u017c nadmierne rogowacenie nask\u00f3rka i sk\u0142onno\u015b\u0107 do wrastaj\u0105cych w\u0142osk\u00f3w, kt\u00f3re nie tylko pogarszaj\u0105 wygl\u0105d sk\u00f3ry, ale te\u017c powoduj\u0105 dyskomfort.<\/p>\n\n\n<div class=\"wp-block-image\">\n<figure class=\"aligncenter size-full\"><img loading=\"lazy\" decoding=\"async\" width=\"940\" height=\"700\" src=\"https:\/\/biozdrowy.pl\/blog\/wp-content\/uploads\/2025\/10\/Dlaczego-sko\u0301ra-na-pos\u0301ladkach-bywa-problematyczna.jpg\" alt=\"Dlaczego sko\u0301ra na pos\u0301ladkach bywa problematyczna - infografika\" class=\"wp-image-7326\" srcset=\"https:\/\/biozdrowy.pl\/blog\/wp-content\/uploads\/2025\/10\/Dlaczego-sko\u0301ra-na-pos\u0301ladkach-bywa-problematyczna.jpg 940w, https:\/\/biozdrowy.pl\/blog\/wp-content\/uploads\/2025\/10\/Dlaczego-sko\u0301ra-na-pos\u0301ladkach-bywa-problematyczna-300x223.jpg 300w, https:\/\/biozdrowy.pl\/blog\/wp-content\/uploads\/2025\/10\/Dlaczego-sko\u0301ra-na-pos\u0301ladkach-bywa-problematyczna-768x572.jpg 768w, https:\/\/biozdrowy.pl\/blog\/wp-content\/uploads\/2025\/10\/Dlaczego-sko\u0301ra-na-pos\u0301ladkach-bywa-problematyczna-432x322.jpg 432w\" sizes=\"auto, (max-width: 940px) 100vw, 940px\" \/><\/figure><\/div>\n\n\n<h2 class=\"wp-block-heading\"><span class=\"ez-toc-section\" id=\"Ocena_kondycji_skory_%E2%80%93_pierwszy_krok_do_poprawy\"><\/span><strong>Ocena kondycji sk\u00f3ry \u2013 pierwszy krok do poprawy<\/strong><span class=\"ez-toc-section-end\"><\/span><\/h2>\n\n\n\n<p>Pierwszym krokiem do skutecznej piel\u0119gnacji sk\u00f3ry na po\u015bladkach jest dok\u0142adna ocena jej kondycji. Warto zwr\u00f3ci\u0107 uwag\u0119 na konkretne objawy, aby dobra\u0107 odpowiednie dzia\u0142ania:<\/p>\n\n\n\n<ul class=\"wp-block-list\">\n<li><strong>przesuszenie<\/strong> \u2013 objawia si\u0119 szorstko\u015bci\u0105, uczuciem \u015bci\u0105gni\u0119cia, a czasem \u0142uszczeniem si\u0119 sk\u00f3ry<\/li>\n\n\n\n<li><strong>tr\u0105dzik<\/strong> \u2013 przybiera posta\u0107 krostek, grudek zapalnych lub ropnych zmian<\/li>\n\n\n\n<li><strong>przebarwienia<\/strong> \u2013 cz\u0119sto s\u0105 wynikiem wcze\u015bniejszych stan\u00f3w zapalnych lub podra\u017cnie\u0144 sk\u00f3ry.<\/li>\n<\/ul>\n\n\n\n<p>Wybieraj\u0105c piel\u0119gnacj\u0119, nale\u017cy kierowa\u0107 si\u0119 nie tylko rodzajem problemu, ale r\u00f3wnie\u017c wra\u017cliwo\u015bci\u0105 sk\u00f3ry \u2013 sk\u0142adniki aktywne, takie jak retinol czy kwasy AHA\/BHA, mog\u0105 by\u0107 skuteczne, ale wymagaj\u0105 ostro\u017cno\u015bci.<\/p>\n\n\n\n<p>Je\u015bli mimo regularnej piel\u0119gnacji stan sk\u00f3ry nie poprawia si\u0119 lub pojawiaj\u0105 si\u0119 nasilone stany zapalne, warto:<\/p>\n\n\n\n<ul class=\"wp-block-list\">\n<li><strong>skonsultowa\u0107 si\u0119 z dermatologiem<\/strong>,<\/li>\n\n\n\n<li><strong>ustali\u0107 dok\u0142adn\u0105 przyczyn\u0119 problemu<\/strong>,<\/li>\n\n\n\n<li><strong>wdro\u017cy\u0107 odpowiednie leczenie dermatologiczne<\/strong>.<\/li>\n<\/ul>\n\n\n\n<h2 class=\"wp-block-heading\"><span class=\"ez-toc-section\" id=\"Pielegnacja_skory_na_posladkach_krok_po_kroku_%E2%80%93_plan_dzialania\"><\/span><strong>Piel\u0119gnacja sk\u00f3ry na po\u015bladkach krok po kroku \u2013 plan dzia\u0142ania<\/strong><span class=\"ez-toc-section-end\"><\/span><\/h2>\n\n\n\n<p>Aby poprawi\u0107 wygl\u0105d sk\u00f3ry na po\u015bladkach, warto wdro\u017cy\u0107 prost\u0105, ale regularn\u0105 rutyn\u0119 piel\u0119gnacyjn\u0105. Oto cztery kluczowe kroki, kt\u00f3re pozwol\u0105 uzyska\u0107 g\u0142adk\u0105, zdrow\u0105 i zadban\u0105 sk\u00f3r\u0119.<\/p>\n\n\n\n<h3 class=\"wp-block-heading\"><span class=\"ez-toc-section\" id=\"Krok_1_Oczyszczanie\"><\/span><strong>Krok 1: Oczyszczanie<\/strong><span class=\"ez-toc-section-end\"><\/span><\/h3>\n\n\n\n<p>Podstaw\u0105 codziennej piel\u0119gnacji jest delikatne oczyszczanie. Sk\u00f3r\u0119 po\u015bladk\u00f3w nale\u017cy my\u0107 \u0142agodnym \u017celem, najlepiej o dzia\u0142aniu antybakteryjnym, zawieraj\u0105cym np. olejek z drzewa herbacianego. Unikaj silnie perfumowanych produkt\u00f3w i myde\u0142 o wysokim pH, kt\u00f3re mog\u0105 dodatkowo podra\u017cnia\u0107 lub przesusza\u0107 sk\u00f3r\u0119.<\/p>\n\n\n\n<h3 class=\"wp-block-heading\"><span class=\"ez-toc-section\" id=\"Krok_2_Peeling\"><\/span><strong>Krok 2: Peeling<\/strong><span class=\"ez-toc-section-end\"><\/span><\/h3>\n\n\n\n<p>Z\u0142uszczanie martwego nask\u00f3rka pomaga zapobiega\u0107 wrastaj\u0105cym w\u0142oskom i poprawia wch\u0142anianie sk\u0142adnik\u00f3w aktywnych. Mo\u017cesz stosowa\u0107 peelingi mechaniczne (cukrowe, kawowe) raz lub dwa razy w tygodniu \u2013 ale z umiarem, by nie podra\u017cni\u0107 sk\u00f3ry. Alternatywnie, wybierz peelingi enzymatyczne lub z kwasami AHA\/BHA, je\u015bli masz sk\u0142onno\u015b\u0107 do krostek lub tr\u0105dziku. Unikaj zbyt cz\u0119stego z\u0142uszczania i agresywnych tar\u0107.<\/p>\n\n\n\n<h3 class=\"wp-block-heading\"><span class=\"ez-toc-section\" id=\"Krok_3_Maseczki_i_kuracje\"><\/span><strong>Krok 3: Maseczki i kuracje<\/strong><span class=\"ez-toc-section-end\"><\/span><\/h3>\n\n\n\n<p>Raz lub dwa razy w tygodniu warto zastosowa\u0107 maseczk\u0119, kt\u00f3ra ukoi i oczy\u015bci sk\u00f3r\u0119. \u015awietnie sprawdzaj\u0105 si\u0119 mieszanki glinki z jogurtem i miodem, \u017cel z aloesu, a tak\u017ce ok\u0142ady z napar\u00f3w z nagietka lub rumianku. Takie kuracje dzia\u0142aj\u0105 przeciwzapalnie i regeneruj\u0105co.<\/p>\n\n\n\n<h3 class=\"wp-block-heading\"><span class=\"ez-toc-section\" id=\"Krok_4_Nawilzanie_i_regeneracja\"><\/span><strong>Krok 4: Nawil\u017canie i regeneracja<\/strong><span class=\"ez-toc-section-end\"><\/span><\/h3>\n\n\n\n<p>Ostatni, ale bardzo wa\u017cny etap to nawil\u017canie. Sk\u00f3ra na po\u015bladkach cz\u0119sto bywa przesuszona, dlatego codzienne stosowanie od\u017cywczych kosmetyk\u00f3w jest kluczowe. Si\u0119gnij po naturalne oleje, takie jak jojoba, kokosowy czy mas\u0142o shea. \u015awietnie sprawdz\u0105 si\u0119 te\u017c kremy z pantenolem, mocznikiem, niacynamidem \u2013 sk\u0142adnikami o dzia\u0142aniu koj\u0105cym, regeneruj\u0105cym i wyg\u0142adzaj\u0105cym.<\/p>\n\n\n\n<p>Stosuj\u0105c ten prosty plan krok po kroku, mo\u017cna zauwa\u017cy\u0107 popraw\u0119 wygl\u0105du sk\u00f3ry ju\u017c po kilku tygodniach. Regularno\u015b\u0107 i \u0142agodno\u015b\u0107 w dzia\u0142aniu to podstawa skutecznej piel\u0119gnacji.<\/p>\n\n\n    <div id=\"pswp-products\">\n        <section class=\"product-miniatures\">\n            <div class=\"products product_list row grid \">\n                <div class=\"product_list_item \">\n                    <article class=\"product-miniature js-product-miniature\">\n                        <div class=\"thumbnail-container\">\n                            <a href=\"https:\/\/biozdrowy.pl\/balsam-do-ciala-aloesove-250-ml\/\" class=\"thumbnail product-thumbnail\">\n                                <img decoding=\"async\" src=\"https:\/\/biozdrowy.pl\/19147-home_default\/balsam-do-ciala-aloesove-250-ml.jpg\" alt=\"Balsam do cia\u0142a Aloesove 250 ml\">\n                            <\/a>\n                                                                                                <span class=\"discount-product discount-percentage\">-10%<\/span>\n                                                                                    <\/div>\n                        <div class=\"info-container\">\n                            <div class=\"product-description\">\n                                <div class=\"product-name-wrp\">\n                                    <p class=\"h3 product-title\">\n                                        <a href=\"https:\/\/biozdrowy.pl\/balsam-do-ciala-aloesove-250-ml\/\">Balsam do cia\u0142a Aloesove 250 ml<\/a>\n                                    <\/p>\n                                <\/div>\n                                <div class=\"product-price-and-shipping\">\n                                                                            <span class=\"regular-price\">32,99\u00a0z\u0142<\/span>\n                                                                        <span>29,69\u00a0z\u0142<\/span>\n                                <\/div>\n                            <\/div>\n                            <div class=\"highlighted-informations\">\n                                <div class=\"pswp-add-to-cart-wrp\">\n                                    <form method=\"post\" action=\"https:\/\/biozdrowy.pl\/koszyk\">\n                                        <input type=\"hidden\" name=\"token\" value=\"\" class=\"pswp-token\">\n                                        <input type=\"hidden\" name=\"id_product\" value=\"13293\">\n                                                                                    <input type=\"hidden\" name=\"add\" value=\"1\">\n                                                                                <input type=\"hidden\" name=\"id_product_attribute\" value=\"0\">\n                                        <button name=\"add_to_cart\" class=\"pswp-add-to-cart-btn pswp-font-icon\">Dodaj do koszyka<\/button>\n                                    <\/form>\n                                <\/div>\n                                <div class=\"pswp-add-to-cart-wrp pswp-btn-info-wrp\">\n                                    <a href=\"https:\/\/biozdrowy.pl\/balsam-do-ciala-aloesove-250-ml\/\" class=\"pswp-view pswp-font-icon\">Wi\u0119cej informacji<\/a>\n                                <\/div>\n                                                            <\/div>\n                        <\/div>\n                    <\/article>\n                <\/div><div class=\"product_list_item \">\n                    <article class=\"product-miniature js-product-miniature\">\n                        <div class=\"thumbnail-container\">\n                            <a href=\"https:\/\/biozdrowy.pl\/olej-z-avocado-02-retinol-natural-me-30-ml\/\" class=\"thumbnail product-thumbnail\">\n                                <img decoding=\"async\" src=\"https:\/\/biozdrowy.pl\/20141-home_default\/olej-z-avocado-02-retinol-natural-me-30-ml.jpg\" alt=\"Olej z avocado + 0,2% retinol Natural Me 30 ml\">\n                            <\/a>\n                                                    <\/div>\n                        <div class=\"info-container\">\n                            <div class=\"product-description\">\n                                <div class=\"product-name-wrp\">\n                                    <p class=\"h3 product-title\">\n                                        <a href=\"https:\/\/biozdrowy.pl\/olej-z-avocado-02-retinol-natural-me-30-ml\/\">Olej z avocado + 0,2% retinol Natural Me 30 ml<\/a>\n                                    <\/p>\n                                <\/div>\n                                <div class=\"product-price-and-shipping\">\n                                                                        <span>20,99\u00a0z\u0142<\/span>\n                                <\/div>\n                            <\/div>\n                            <div class=\"highlighted-informations\">\n                                <div class=\"pswp-add-to-cart-wrp\">\n                                    <form method=\"post\" action=\"https:\/\/biozdrowy.pl\/koszyk\">\n                                        <input type=\"hidden\" name=\"token\" value=\"\" class=\"pswp-token\">\n                                        <input type=\"hidden\" name=\"id_product\" value=\"14046\">\n                                                                                    <input type=\"hidden\" name=\"add\" value=\"1\">\n                                                                                <input type=\"hidden\" name=\"id_product_attribute\" value=\"0\">\n                                        <button name=\"add_to_cart\" class=\"pswp-add-to-cart-btn pswp-font-icon\">Dodaj do koszyka<\/button>\n                                    <\/form>\n                                <\/div>\n                                <div class=\"pswp-add-to-cart-wrp pswp-btn-info-wrp\">\n                                    <a href=\"https:\/\/biozdrowy.pl\/olej-z-avocado-02-retinol-natural-me-30-ml\/\" class=\"pswp-view pswp-font-icon\">Wi\u0119cej informacji<\/a>\n                                <\/div>\n                                                            <\/div>\n                        <\/div>\n                    <\/article>\n                <\/div>            <\/div>\n        <\/section>\n    <\/div>\n\n\n\n\n<h2 class=\"wp-block-heading\"><span class=\"ez-toc-section\" id=\"Skuteczne_kosmetyki_%E2%80%93_co_warto_miec_pod_reka\"><\/span><strong>Skuteczne kosmetyki \u2013 co warto mie\u0107 pod r\u0119k\u0105?<\/strong><span class=\"ez-toc-section-end\"><\/span><\/h2>\n\n\n\n<p>Opr\u00f3cz domowych metod, warto si\u0119gn\u0105\u0107 po gotowe produkty, kt\u00f3re skutecznie wspieraj\u0105 piel\u0119gnacj\u0119 sk\u00f3ry na po\u015bladkach. Gotowe peelingi i maski stworzone specjalnie z my\u015bl\u0105 o tej strefie cz\u0119sto zawieraj\u0105 sk\u0142adniki antybakteryjne, wyg\u0142adzaj\u0105ce i przeciwzapalne \u2013 idealne na krostki i szorstko\u015b\u0107.<\/p>\n\n\n\n<p>W przypadku problem\u00f3w takich jak tr\u0105dzik czy przebarwienia, \u015bwietnie sprawdzaj\u0105 si\u0119 kremy z kwasami AHA lub BHA oraz produkty z retinoidami \u2013 pomagaj\u0105 one z\u0142uszcza\u0107 martwy nask\u00f3rek, regulowa\u0107 prac\u0119 gruczo\u0142\u00f3w \u0142ojowych i wyr\u00f3wnywa\u0107 koloryt sk\u00f3ry.<\/p>\n\n\n\n<p>Dla codziennej piel\u0119gnacji warto mie\u0107 te\u017c dobry nawil\u017cacz, np. z pantenolem, alantoin\u0105 lub mocznikiem, kt\u00f3ry \u0142agodzi i regeneruje sk\u00f3r\u0119. Je\u015bli zmagasz si\u0119 z bliznami czy plamkami, pomocne mog\u0105 by\u0107 r\u00f3wnie\u017c serum z niacynamidem lub witamin\u0105 C.<\/p>\n\n\n\n<h2 class=\"wp-block-heading\"><span class=\"ez-toc-section\" id=\"Styl_zycia_a_skora_na_posladkach\"><\/span><strong>Styl \u017cycia a sk\u00f3ra na po\u015bladkach<\/strong><span class=\"ez-toc-section-end\"><\/span><\/h2>\n\n\n\n<p>Piel\u0119gnacja zewn\u0119trzna to tylko cz\u0119\u015b\u0107 sukcesu \u2013 r\u00f3wnie istotny wp\u0142yw na wygl\u0105d sk\u00f3ry na po\u015bladkach ma codzienny styl \u017cycia. Warto zwr\u00f3ci\u0107 uwag\u0119 na trzy kluczowe elementy:<\/p>\n\n\n\n<h3 class=\"wp-block-heading\"><span class=\"ez-toc-section\" id=\"Zdrowa_dieta_i_nawodnienie\"><\/span><strong>Zdrowa dieta i nawodnienie<\/strong><span class=\"ez-toc-section-end\"><\/span><\/h3>\n\n\n\n<p>Spo\u017cywanie warzyw, owoc\u00f3w, zdrowych t\u0142uszcz\u00f3w i bia\u0142ka wspiera regeneracj\u0119 sk\u00f3ry i pomaga w walce z tr\u0105dzikiem oraz przesuszeniem. R\u00f3wnie wa\u017cne jest odpowiednie nawodnienie \u2013 niedob\u00f3r wody szybko odbija si\u0119 na sk\u00f3rze, czyni\u0105c j\u0105 matow\u0105, szorstk\u0105 i bardziej podatn\u0105 na podra\u017cnienia.<\/p>\n\n\n\n<h3 class=\"wp-block-heading\"><span class=\"ez-toc-section\" id=\"Przewiewna_naturalna_bielizna\"><\/span><strong>Przewiewna, naturalna bielizna<\/strong><span class=\"ez-toc-section-end\"><\/span><\/h3>\n\n\n\n<p>Wyb\u00f3r bawe\u0142nianej bielizny pozwala sk\u00f3rze oddycha\u0107, redukuj\u0105c ryzyko stan\u00f3w zapalnych i krostek spowodowanych tarciem czy potliwo\u015bci\u0105. Unikaj syntetyk\u00f3w, zw\u0142aszcza podczas upa\u0142\u00f3w i wysi\u0142ku fizycznego.<\/p>\n\n\n\n<h3 class=\"wp-block-heading\"><span class=\"ez-toc-section\" id=\"Codzienna_aktywnosc_fizyczna\"><\/span><strong>Codzienna aktywno\u015b\u0107 fizyczna<\/strong><span class=\"ez-toc-section-end\"><\/span><\/h3>\n\n\n\n<p>Ruch poprawia kr\u0105\u017cenie, dotlenia kom\u00f3rki sk\u00f3ry i sprzyja jej uj\u0119drnieniu. Regularna aktywno\u015b\u0107 \u2013 nawet w postaci kr\u00f3tkiego spaceru \u2013 wspomaga regeneracj\u0119 sk\u00f3ry i pozytywnie wp\u0142ywa na wygl\u0105d po\u015bladk\u00f3w oraz og\u00f3ln\u0105 sylwetk\u0119.<\/p>\n\n\n<div class=\"wp-block-image\">\n<figure class=\"aligncenter size-full\"><img loading=\"lazy\" decoding=\"async\" width=\"1900\" height=\"1000\" src=\"https:\/\/biozdrowy.pl\/blog\/wp-content\/uploads\/2025\/10\/pielegnacja-skory-posladkow-krem.jpg\" alt=\"Aplikacja balsamu na d\u0142onie \u2013 piel\u0119gnacja sk\u00f3ry na po\u015bladkach dla poprawy nawil\u017cenia i g\u0142adko\u015bci.\" class=\"wp-image-7327\" srcset=\"https:\/\/biozdrowy.pl\/blog\/wp-content\/uploads\/2025\/10\/pielegnacja-skory-posladkow-krem.jpg 1900w, https:\/\/biozdrowy.pl\/blog\/wp-content\/uploads\/2025\/10\/pielegnacja-skory-posladkow-krem-300x158.jpg 300w, https:\/\/biozdrowy.pl\/blog\/wp-content\/uploads\/2025\/10\/pielegnacja-skory-posladkow-krem-1024x539.jpg 1024w, https:\/\/biozdrowy.pl\/blog\/wp-content\/uploads\/2025\/10\/pielegnacja-skory-posladkow-krem-768x404.jpg 768w, https:\/\/biozdrowy.pl\/blog\/wp-content\/uploads\/2025\/10\/pielegnacja-skory-posladkow-krem-1536x808.jpg 1536w, https:\/\/biozdrowy.pl\/blog\/wp-content\/uploads\/2025\/10\/pielegnacja-skory-posladkow-krem-432x227.jpg 432w\" sizes=\"auto, (max-width: 1900px) 100vw, 1900px\" \/><\/figure><\/div>\n\n\n<h2 class=\"wp-block-heading\"><span class=\"ez-toc-section\" id=\"Kiedy_warto_skonsultowac_sie_z_dermatologiem\"><\/span><strong>Kiedy warto skonsultowa\u0107 si\u0119 z dermatologiem?<\/strong><span class=\"ez-toc-section-end\"><\/span><\/h2>\n\n\n\n<p>Je\u015bli mimo regularnej piel\u0119gnacji sk\u00f3ra na po\u015bladkach nie poprawia si\u0119, warto zasi\u0119gn\u0105\u0107 porady specjalisty. Uporczywe objawy, takie jak:<\/p>\n\n\n\n<ul class=\"wp-block-list\">\n<li>stany zapalne,&nbsp;<\/li>\n\n\n\n<li>bolesne krostki,&nbsp;<\/li>\n\n\n\n<li>blizny potr\u0105dzikowe,<\/li>\n\n\n\n<li>nasilone rogowacenie nask\u00f3rka,<\/li>\n<\/ul>\n\n\n\n<p>mog\u0105 wymaga\u0107 indywidualnego leczenia dermatologicznego.<\/p>\n\n\n\n<p>Specjalista mo\u017ce dobra\u0107 silniejsze preparaty z retinoidami lub kwasami, kt\u00f3re s\u0105 dost\u0119pne wy\u0142\u0105cznie na recept\u0119, a tak\u017ce oceni\u0107, czy problemy sk\u00f3rne nie maj\u0105 pod\u0142o\u017ca hormonalnego lub bakteryjnego. W przypadku trudnych zmian warto rozwa\u017cy\u0107 profesjonalne zabiegi, takie jak peeling chemiczny, mezoterapia mikroig\u0142owa czy terapia \u015bwiat\u0142em LED.<\/p>\n\n\n\n<p>Konsultacja dermatologiczna pomo\u017ce dobra\u0107 skuteczn\u0105 terapi\u0119 i unikn\u0105\u0107 pog\u0142\u0119biania si\u0119 problemu.<\/p>\n\n\n\n<h2 class=\"wp-block-heading\"><span class=\"ez-toc-section\" id=\"Badania_nad_skora_na_posladkach\"><\/span><strong>Badania nad sk\u00f3r\u0105 na po\u015bladkach<\/strong><span class=\"ez-toc-section-end\"><\/span><\/h2>\n\n\n\n<p>Sk\u00f3ra w okolicy po\u015bladk\u00f3w nale\u017cy do najbardziej nara\u017conych na podra\u017cnienia. Przez wi\u0119kszo\u015b\u0107 dnia ma kontakt z odzie\u017c\u0105, podlega uciskowi podczas siedzenia i jest wystawiona na dzia\u0142anie potu. W efekcie cz\u0119sto pojawia si\u0119 zaczerwienienie, sucho\u015b\u0107 i dyskomfort. Skutecznym sposobem \u0142agodzenia tych objaw\u00f3w jest <strong>pantenol<\/strong> \u2013 sk\u0142adnik o udowodnionym dzia\u0142aniu regeneruj\u0105cym i nawil\u017caj\u0105cym. Jednak dla zdrowej sk\u00f3ry r\u00f3wnie istotne jest odpowiednie nawodnienie organizmu.&nbsp;<\/p>\n\n\n\n<p>Pantenol, czyli prowitamina B5, po na\u0142o\u017ceniu na sk\u00f3r\u0119 szybko przekszta\u0142ca si\u0119 w kwas pantotenowy \u2013 substancj\u0119 niezb\u0119dn\u0105 do prawid\u0142owego funkcjonowania kom\u00f3rek. Jego g\u0142\u00f3wne zadania to:<\/p>\n\n\n\n<ul class=\"wp-block-list\">\n<li><strong>nawil\u017canie<\/strong> \u2013 pantenol wi\u0105\u017ce wod\u0119 w nask\u00f3rku i ogranicza jej utrat\u0119, co zapobiega przesuszeniu,<\/li>\n\n\n\n<li><strong>\u0142agodzenie podra\u017cnie\u0144<\/strong> \u2013 redukuje rumie\u0144, pieczenie i \u015bwi\u0105d,<\/li>\n\n\n\n<li><strong>wzmacnianie bariery ochronnej sk\u00f3ry<\/strong> \u2013 wspiera odbudow\u0119 naturalnych lipid\u00f3w,<\/li>\n\n\n\n<li><strong>przyspieszanie regeneracji<\/strong> \u2013 u\u0142atwia gojenie drobnych uszkodze\u0144 i mikrop\u0119kni\u0119\u0107 sk\u00f3ry.<\/li>\n<\/ul>\n\n\n\n<p>Badania kliniczne potwierdzaj\u0105, \u017ce regularne stosowanie preparat\u00f3w z pantenolem zwi\u0119ksza nawil\u017cenie sk\u00f3ry, redukuje utrat\u0119 wody (TEWL) i poprawia jej wygl\u0105d. Co wa\u017cne, pantenol jest <strong>bardzo dobrze tolerowany<\/strong> nawet przez sk\u00f3r\u0119 wra\u017cliw\u0105, dlatego mo\u017ce by\u0107 stosowany na okolice po\u015bladk\u00f3w. <\/p>\n\n\n\n<p>Warto jednak pami\u0119ta\u0107, \u017ce kondycja sk\u00f3ry zale\u017cy tak\u017ce od nawodnienia organizmu. Sk\u00f3ra, jako najwi\u0119kszy organ cia\u0142a, potrzebuje odpowiedniej ilo\u015bci wody, by zachowa\u0107 <strong>spr\u0119\u017cysto\u015b\u0107 i prawid\u0142owe funkcje regeneracyjne<\/strong>. Picie ok. 1,5\u20132 litr\u00f3w wody dziennie wspiera od\u017cywienie kom\u00f3rek i wzmacnia dzia\u0142anie kosmetyk\u00f3w zewn\u0119trznych, takich jak pantenol.<\/p>\n\n\n\n<p>Podra\u017cnienia w okolicy po\u015bladk\u00f3w najlepiej \u0142agodzi\u0107 kompleksowo \u2013 \u0142\u0105cz\u0105c piel\u0119gnacj\u0119 z odpowiednim nawodnieniem. W codziennym stosowaniu sprawdzaj\u0105 si\u0119 kremy, balsamy i maski z pantenolem oraz dodatkiem prebiotyk\u00f3w, lipid\u00f3w lub sk\u0142adnik\u00f3w nawil\u017caj\u0105cych. Taka piel\u0119gnacja skutecznie wspiera regeneracj\u0119, przynosz\u0105c trwa\u0142y komfort i ochron\u0119 sk\u00f3ry.<\/p>\n\n\n\n<h2 class=\"wp-block-heading\"><span class=\"ez-toc-section\" id=\"Podsumowanie\"><\/span><strong>Podsumowanie<\/strong><span class=\"ez-toc-section-end\"><\/span><\/h2>\n\n\n\n<p>Sk\u00f3ra na po\u015bladkach, cho\u0107 cz\u0119sto pomijana w codziennej piel\u0119gnacji, zas\u0142uguje na tak\u0105 sam\u0105 uwag\u0119 jak reszta cia\u0142a. Kluczem do jej zdrowego wygl\u0105du s\u0105 regularno\u015b\u0107, delikatne traktowanie i dobrze dobrane produkty.<\/p>\n\n\n\n<p>Dzi\u0119ki systematycznej piel\u0119gnacji \u2013 opartej na oczyszczaniu, z\u0142uszczaniu, nawil\u017caniu i ochronie \u2013 mo\u017cliwa jest realna poprawa kondycji sk\u00f3ry. Nawet uporczywe problemy mog\u0105 ust\u0105pi\u0107, je\u015bli dzia\u0142amy konsekwentnie i \u015bwiadomie.<\/p>\n\n\n\n<h2 class=\"wp-block-heading\"><span class=\"ez-toc-section\" id=\"FAQ\"><\/span><strong>FAQ<\/strong><span class=\"ez-toc-section-end\"><\/span><\/h2>\n\n\n<div class=\"wp-block-image\">\n<figure class=\"aligncenter size-full\"><img loading=\"lazy\" decoding=\"async\" width=\"1200\" height=\"250\" src=\"https:\/\/biozdrowy.pl\/blog\/wp-content\/uploads\/2025\/10\/Sko\u0301ra-na-pos\u0301ladkach-faq.jpg\" alt=\"Sko\u0301ra na pos\u0301ladkach faq - najcz\u0119\u015bciej zadawane pytania\" class=\"wp-image-7328\" srcset=\"https:\/\/biozdrowy.pl\/blog\/wp-content\/uploads\/2025\/10\/Sko\u0301ra-na-pos\u0301ladkach-faq.jpg 1200w, https:\/\/biozdrowy.pl\/blog\/wp-content\/uploads\/2025\/10\/Sko\u0301ra-na-pos\u0301ladkach-faq-300x63.jpg 300w, https:\/\/biozdrowy.pl\/blog\/wp-content\/uploads\/2025\/10\/Sko\u0301ra-na-pos\u0301ladkach-faq-1024x213.jpg 1024w, https:\/\/biozdrowy.pl\/blog\/wp-content\/uploads\/2025\/10\/Sko\u0301ra-na-pos\u0301ladkach-faq-768x160.jpg 768w, https:\/\/biozdrowy.pl\/blog\/wp-content\/uploads\/2025\/10\/Sko\u0301ra-na-pos\u0301ladkach-faq-432x90.jpg 432w\" sizes=\"auto, (max-width: 1200px) 100vw, 1200px\" \/><\/figure><\/div>\n\n\n<h3 class=\"wp-block-heading\"><span class=\"ez-toc-section\" id=\"Jak_dlugo_trzeba_czekac_na_efekty\"><\/span><strong>Jak d\u0142ugo trzeba czeka\u0107 na efekty?<\/strong><span class=\"ez-toc-section-end\"><\/span><\/h3>\n\n\n\n<p>Pierwsze efekty regularnej piel\u0119gnacji mog\u0105 by\u0107 zauwa\u017calne ju\u017c po 1\u20132 tygodniach, zw\u0142aszcza w przypadku nawil\u017cenia i wyg\u0142adzenia sk\u00f3ry. Przy bardziej zaawansowanych problemach, jak tr\u0105dzik czy przebarwienia, poprawa mo\u017ce zaj\u0105\u0107 od 4 do 8 tygodni. Kluczem jest systematyczno\u015b\u0107 i cierpliwo\u015b\u0107.<\/p>\n\n\n\n<h3 class=\"wp-block-heading\"><span class=\"ez-toc-section\" id=\"Czy_slonce_lub_solarium_pomagaja_w_leczeniu_tradziku_na_posladkach\"><\/span><strong>Czy s\u0142o\u0144ce lub solarium pomagaj\u0105 w leczeniu tr\u0105dziku na po\u015bladkach?<\/strong><span class=\"ez-toc-section-end\"><\/span><\/h3>\n\n\n\n<p>Promieniowanie UV mo\u017ce chwilowo wysuszy\u0107 zmiany tr\u0105dzikowe, ale w d\u0142u\u017cszej perspektywie cz\u0119sto pogarsza stan sk\u00f3ry. Mo\u017ce prowadzi\u0107 do przesuszenia, podra\u017cnie\u0144 i przebarwie\u0144. Zdecydowanie bezpieczniejszym wyborem s\u0105 dermokosmetyki i zabiegi piel\u0119gnacyjne.<\/p>\n\n\n\n<h3 class=\"wp-block-heading\"><span class=\"ez-toc-section\" id=\"Czy_mozna_stosowac_kosmetyki_do_twarzy_na_posladki\"><\/span><strong>Czy mo\u017cna stosowa\u0107 kosmetyki do twarzy na po\u015bladki?<\/strong><span class=\"ez-toc-section-end\"><\/span><\/h3>\n\n\n\n<p>Tak \u2013 szczeg\u00f3lnie je\u015bli s\u0105 to produkty \u0142agodne i zawieraj\u0105 sk\u0142adniki aktywne jak kwasy AHA, BHA, niacynamid czy pantenol. Warto jednak pami\u0119ta\u0107, \u017ce sk\u00f3ra na po\u015bladkach mo\u017ce by\u0107 mniej wra\u017cliwa, wi\u0119c niekt\u00f3re kosmetyki mog\u0105 dzia\u0142a\u0107 s\u0142abiej lub wymaga\u0107 cz\u0119stszego stosowania.<\/p>\n\n\n\n<h2 class=\"wp-block-heading\"><span class=\"ez-toc-section\" id=\"Bibliografia\"><\/span><strong>Bibliografia<\/strong><span class=\"ez-toc-section-end\"><\/span><\/h2>\n\n\n\n<ol class=\"wp-block-list\">\n<li>Proksch, E., Berardesca, E., Misery, L., Engblom, J., &amp; Bouwstra, J. (2020). Dry skin management: practical approach in light of latest research on skin structure and function. <em>The Journal of dermatological treatment<\/em>, <em>31<\/em>(7), 716\u2013722. Link: <a href=\"https:\/\/pubmed.ncbi.nlm.nih.gov\/30998081\/\">https:\/\/pubmed.ncbi.nlm.nih.gov\/30998081\/<\/a><\/li>\n\n\n\n<li>Ferreira, M. S., Sousa Lobo, J. M., &amp; Almeida, I. F. (2022). Sensitive skin: Active ingredients on the spotlight. <em>International journal of cosmetic science<\/em>, <em>44<\/em>(1), 56\u201373. Link: <a href=\"https:\/\/pubmed.ncbi.nlm.nih.gov\/34813665\/\">https:\/\/pubmed.ncbi.nlm.nih.gov\/34813665\/<\/a><\/li>\n\n\n\n<li>Zhang, X., Kerob, D., Zhang, Z., Tao, H., He, X., Yi, Y., Fang, X., Wang, W., &amp; Steel, A. (2024). Efficacy and safety of a cream containing panthenol, prebiotics, and probiotic lysate for improving sensitive skin symptoms. <em>Skin research and technology : official journal of International Society for Bioengineering and the Skin (ISBS) [and] International Society for Digital Imaging of Skin (ISDIS) [and] International Society for Skin Imaging (ISSI)<\/em>, <em>30<\/em>(1), e13540. Link: <a href=\"https:\/\/pubmed.ncbi.nlm.nih.gov\/38186043\/\">https:\/\/pubmed.ncbi.nlm.nih.gov\/38186043\/<\/a><\/li>\n\n\n\n<li>Ding, X., Hernandez-Serrano, A. I., Young, J. J., &amp; Pickwell-MacPherson, E. (2024). Variation of skin hydration profile with biophysical factors and lifestyle revealed by <em>in vivo<\/em> terahertz sensing. <em>Biomedical optics express<\/em>, <em>15<\/em>(9), 5180\u20135198. Link: <a href=\"https:\/\/pubmed.ncbi.nlm.nih.gov\/39296403\/\">https:\/\/pubmed.ncbi.nlm.nih.gov\/39296403\/<\/a><\/li>\n<\/ol>\n\n\n\n<h2 class=\"wp-block-heading\"><span class=\"ez-toc-section\" id=\"Zobacz_takze\"><\/span>Zobacz tak\u017ce<span class=\"ez-toc-section-end\"><\/span><\/h2>\n\n\n\n<p><a href=\"https:\/\/biozdrowy.pl\/blog\/chore-jelita-chora-skora\/\">Chore jelita = chora sk\u00f3ra<\/a><\/p>\n\n\n\n<p><a href=\"https:\/\/biozdrowy.pl\/blog\/kwasy-aha-jakie-maja-wlasciwosci\/\">Jakie w\u0142a\u015bciwo\u015bci maj\u0105 kwasy AHA?<\/a><\/p>\n","protected":false},"excerpt":{"rendered":"<p>Cho\u0107 sk\u00f3ra na po\u015bladkach nie jest eksponowana tak cz\u0119sto jak twarz czy dekolt, r\u00f3wnie\u017c zas\u0142uguje na odpowiedni\u0105 piel\u0119gnacj\u0119. Niestety, to w\u0142a\u015bnie ta partia cia\u0142a bywa cz\u0119sto pomijana w codziennej rutynie,&#8230;<\/p>\n","protected":false},"author":12,"featured_media":7329,"comment_status":"open","ping_status":"open","sticky":false,"template":"","format":"standard","meta":{"footnotes":""},"categories":[34,37],"tags":[],"class_list":["post-7319","post","type-post","status-publish","format-standard","has-post-thumbnail","hentry","category-styl-zycia","category-zdrowie-i-uroda","article","has-background","has-excerpt","has-avatar","has-author","has-date","has-comment-count","has-category-meta","has-read-more","has-post-media","thumbnail-"],"yoast_head":"<!-- This site is optimized with the Yoast SEO plugin v27.4 - https:\/\/yoast.com\/product\/yoast-seo-wordpress\/ -->\n<title>Sk\u00f3ra na po\u015bladkach \u2013 jak poprawi\u0107 jej wygl\u0105d? Blog Biozdrowy<\/title>\n<meta name=\"description\" content=\"Pozb\u0105d\u017a si\u0119 niedoskona\u0142o\u015bci sk\u00f3ry na po\u015bladkach! Dowiedz si\u0119, jak poprawi\u0107 jej kondycj\u0119 dzi\u0119ki domowej piel\u0119gnacji i skutecznym kosmetykom.\" \/>\n<meta name=\"robots\" content=\"index, follow, max-snippet:-1, max-image-preview:large, max-video-preview:-1\" \/>\n<link rel=\"canonical\" href=\"https:\/\/biozdrowy.pl\/blog\/skora-na-posladkach-jak-poprawic-jej-wyglad\/\" \/>\n<meta property=\"og:locale\" content=\"pl_PL\" \/>\n<meta property=\"og:type\" content=\"article\" \/>\n<meta property=\"og:title\" content=\"Sk\u00f3ra na po\u015bladkach \u2013 jak poprawi\u0107 jej wygl\u0105d? Blog Biozdrowy\" \/>\n<meta property=\"og:description\" content=\"Pozb\u0105d\u017a si\u0119 niedoskona\u0142o\u015bci sk\u00f3ry na po\u015bladkach! Dowiedz si\u0119, jak poprawi\u0107 jej kondycj\u0119 dzi\u0119ki domowej piel\u0119gnacji i skutecznym kosmetykom.\" \/>\n<meta property=\"og:url\" content=\"https:\/\/biozdrowy.pl\/blog\/skora-na-posladkach-jak-poprawic-jej-wyglad\/\" \/>\n<meta property=\"og:site_name\" content=\"Strefa Wiedzy Biozdrowy\" \/>\n<meta property=\"article:published_time\" content=\"2025-10-25T13:00:00+00:00\" \/>\n<meta property=\"og:image\" content=\"https:\/\/biozdrowy.pl\/blog\/wp-content\/uploads\/2025\/10\/Jak-poprawic\u0301-wygla\u0328d-sko\u0301ry-na-pos\u0301ladkach-Praktyczny-poradnik.jpg\" \/>\n\t<meta property=\"og:image:width\" content=\"1200\" \/>\n\t<meta property=\"og:image:height\" content=\"630\" \/>\n\t<meta property=\"og:image:type\" content=\"image\/jpeg\" \/>\n<meta name=\"author\" content=\"Edyta Go\u0142a\u015b\" \/>\n<meta name=\"twitter:card\" content=\"summary_large_image\" \/>\n<meta name=\"twitter:label1\" content=\"Napisane przez\" \/>\n\t<meta name=\"twitter:data1\" content=\"Edyta Go\u0142a\u015b\" \/>\n\t<meta name=\"twitter:label2\" content=\"Szacowany czas czytania\" \/>\n\t<meta name=\"twitter:data2\" content=\"10 minut\" \/>\n<script type=\"application\/ld+json\" class=\"yoast-schema-graph\">{\"@context\":\"https:\\\/\\\/schema.org\",\"@graph\":[{\"@type\":\"Article\",\"@id\":\"https:\\\/\\\/biozdrowy.pl\\\/blog\\\/skora-na-posladkach-jak-poprawic-jej-wyglad\\\/#article\",\"isPartOf\":{\"@id\":\"https:\\\/\\\/biozdrowy.pl\\\/blog\\\/skora-na-posladkach-jak-poprawic-jej-wyglad\\\/\"},\"author\":{\"name\":\"Edyta Go\u0142a\u015b\",\"@id\":\"https:\\\/\\\/biozdrowy.pl\\\/blog\\\/#\\\/schema\\\/person\\\/140a327719b6ca42d88fd4b1865f0385\"},\"headline\":\"Jak poprawi\u0107 wygl\u0105d sk\u00f3ry na po\u015bladkach? Praktyczny poradnik\",\"datePublished\":\"2025-10-25T13:00:00+00:00\",\"mainEntityOfPage\":{\"@id\":\"https:\\\/\\\/biozdrowy.pl\\\/blog\\\/skora-na-posladkach-jak-poprawic-jej-wyglad\\\/\"},\"wordCount\":1910,\"commentCount\":0,\"publisher\":{\"@id\":\"https:\\\/\\\/biozdrowy.pl\\\/blog\\\/#organization\"},\"image\":{\"@id\":\"https:\\\/\\\/biozdrowy.pl\\\/blog\\\/skora-na-posladkach-jak-poprawic-jej-wyglad\\\/#primaryimage\"},\"thumbnailUrl\":\"https:\\\/\\\/biozdrowy.pl\\\/blog\\\/wp-content\\\/uploads\\\/2025\\\/10\\\/Jak-poprawic\u0301-wygla\u0328d-sko\u0301ry-na-pos\u0301ladkach-Praktyczny-poradnik.jpg\",\"articleSection\":[\"Styl \u017cycia\",\"Zdrowie i uroda\"],\"inLanguage\":\"pl-PL\",\"potentialAction\":[{\"@type\":\"CommentAction\",\"name\":\"Comment\",\"target\":[\"https:\\\/\\\/biozdrowy.pl\\\/blog\\\/skora-na-posladkach-jak-poprawic-jej-wyglad\\\/#respond\"]}]},{\"@type\":\"WebPage\",\"@id\":\"https:\\\/\\\/biozdrowy.pl\\\/blog\\\/skora-na-posladkach-jak-poprawic-jej-wyglad\\\/\",\"url\":\"https:\\\/\\\/biozdrowy.pl\\\/blog\\\/skora-na-posladkach-jak-poprawic-jej-wyglad\\\/\",\"name\":\"Sk\u00f3ra na po\u015bladkach \u2013 jak poprawi\u0107 jej wygl\u0105d? Blog Biozdrowy\",\"isPartOf\":{\"@id\":\"https:\\\/\\\/biozdrowy.pl\\\/blog\\\/#website\"},\"primaryImageOfPage\":{\"@id\":\"https:\\\/\\\/biozdrowy.pl\\\/blog\\\/skora-na-posladkach-jak-poprawic-jej-wyglad\\\/#primaryimage\"},\"image\":{\"@id\":\"https:\\\/\\\/biozdrowy.pl\\\/blog\\\/skora-na-posladkach-jak-poprawic-jej-wyglad\\\/#primaryimage\"},\"thumbnailUrl\":\"https:\\\/\\\/biozdrowy.pl\\\/blog\\\/wp-content\\\/uploads\\\/2025\\\/10\\\/Jak-poprawic\u0301-wygla\u0328d-sko\u0301ry-na-pos\u0301ladkach-Praktyczny-poradnik.jpg\",\"datePublished\":\"2025-10-25T13:00:00+00:00\",\"description\":\"Pozb\u0105d\u017a si\u0119 niedoskona\u0142o\u015bci sk\u00f3ry na po\u015bladkach! Dowiedz si\u0119, jak poprawi\u0107 jej kondycj\u0119 dzi\u0119ki domowej piel\u0119gnacji i skutecznym kosmetykom.\",\"breadcrumb\":{\"@id\":\"https:\\\/\\\/biozdrowy.pl\\\/blog\\\/skora-na-posladkach-jak-poprawic-jej-wyglad\\\/#breadcrumb\"},\"inLanguage\":\"pl-PL\",\"potentialAction\":[{\"@type\":\"ReadAction\",\"target\":[\"https:\\\/\\\/biozdrowy.pl\\\/blog\\\/skora-na-posladkach-jak-poprawic-jej-wyglad\\\/\"]}]},{\"@type\":\"ImageObject\",\"inLanguage\":\"pl-PL\",\"@id\":\"https:\\\/\\\/biozdrowy.pl\\\/blog\\\/skora-na-posladkach-jak-poprawic-jej-wyglad\\\/#primaryimage\",\"url\":\"https:\\\/\\\/biozdrowy.pl\\\/blog\\\/wp-content\\\/uploads\\\/2025\\\/10\\\/Jak-poprawic\u0301-wygla\u0328d-sko\u0301ry-na-pos\u0301ladkach-Praktyczny-poradnik.jpg\",\"contentUrl\":\"https:\\\/\\\/biozdrowy.pl\\\/blog\\\/wp-content\\\/uploads\\\/2025\\\/10\\\/Jak-poprawic\u0301-wygla\u0328d-sko\u0301ry-na-pos\u0301ladkach-Praktyczny-poradnik.jpg\",\"width\":1200,\"height\":630,\"caption\":\"Jak poprawic\u0301 wygla\u0328d sko\u0301ry na pos\u0301ladkach Praktyczny poradnik - obrazek wyr\u00f3\u017cniaj\u0105cy\"},{\"@type\":\"BreadcrumbList\",\"@id\":\"https:\\\/\\\/biozdrowy.pl\\\/blog\\\/skora-na-posladkach-jak-poprawic-jej-wyglad\\\/#breadcrumb\",\"itemListElement\":[{\"@type\":\"ListItem\",\"position\":1,\"name\":\"Strona g\u0142\u00f3wna\",\"item\":\"https:\\\/\\\/biozdrowy.pl\\\/blog\\\/\"},{\"@type\":\"ListItem\",\"position\":2,\"name\":\"Jak poprawi\u0107 wygl\u0105d sk\u00f3ry na po\u015bladkach? Praktyczny poradnik\"}]},{\"@type\":\"WebSite\",\"@id\":\"https:\\\/\\\/biozdrowy.pl\\\/blog\\\/#website\",\"url\":\"https:\\\/\\\/biozdrowy.pl\\\/blog\\\/\",\"name\":\"Strefa Wiedzy Biozdrowy\",\"description\":\"\",\"publisher\":{\"@id\":\"https:\\\/\\\/biozdrowy.pl\\\/blog\\\/#organization\"},\"potentialAction\":[{\"@type\":\"SearchAction\",\"target\":{\"@type\":\"EntryPoint\",\"urlTemplate\":\"https:\\\/\\\/biozdrowy.pl\\\/blog\\\/?s={search_term_string}\"},\"query-input\":{\"@type\":\"PropertyValueSpecification\",\"valueRequired\":true,\"valueName\":\"search_term_string\"}}],\"inLanguage\":\"pl-PL\"},{\"@type\":\"Organization\",\"@id\":\"https:\\\/\\\/biozdrowy.pl\\\/blog\\\/#organization\",\"name\":\"Biozdrowy\",\"url\":\"https:\\\/\\\/biozdrowy.pl\\\/blog\\\/\",\"logo\":{\"@type\":\"ImageObject\",\"inLanguage\":\"pl-PL\",\"@id\":\"https:\\\/\\\/biozdrowy.pl\\\/blog\\\/#\\\/schema\\\/logo\\\/image\\\/\",\"url\":\"https:\\\/\\\/biozdrowy.pl\\\/blog\\\/wp-content\\\/uploads\\\/2023\\\/10\\\/cropped-Strefa_wiedzy_logo_final.png\",\"contentUrl\":\"https:\\\/\\\/biozdrowy.pl\\\/blog\\\/wp-content\\\/uploads\\\/2023\\\/10\\\/cropped-Strefa_wiedzy_logo_final.png\",\"width\":7118,\"height\":1514,\"caption\":\"Biozdrowy\"},\"image\":{\"@id\":\"https:\\\/\\\/biozdrowy.pl\\\/blog\\\/#\\\/schema\\\/logo\\\/image\\\/\"}},{\"@type\":\"Person\",\"@id\":\"https:\\\/\\\/biozdrowy.pl\\\/blog\\\/#\\\/schema\\\/person\\\/140a327719b6ca42d88fd4b1865f0385\",\"name\":\"Edyta Go\u0142a\u015b\",\"image\":{\"@type\":\"ImageObject\",\"inLanguage\":\"pl-PL\",\"@id\":\"https:\\\/\\\/secure.gravatar.com\\\/avatar\\\/1bfc8ccd4349eca95ec0dda9d88fa762c39bcd4fb3ecae0287f1bdcaa1af6131?s=96&d=mm&r=g\",\"url\":\"https:\\\/\\\/secure.gravatar.com\\\/avatar\\\/1bfc8ccd4349eca95ec0dda9d88fa762c39bcd4fb3ecae0287f1bdcaa1af6131?s=96&d=mm&r=g\",\"contentUrl\":\"https:\\\/\\\/secure.gravatar.com\\\/avatar\\\/1bfc8ccd4349eca95ec0dda9d88fa762c39bcd4fb3ecae0287f1bdcaa1af6131?s=96&d=mm&r=g\",\"caption\":\"Edyta Go\u0142a\u015b\"},\"description\":\"Magister kosmetologii Jej pasj\u0105 jest rozk\u0142adanie problem\u00f3w sk\u00f3rnych na czynniki pierwsze tak, aby odnale\u017a\u0107 ich prawdziw\u0105 przyczyn\u0119. W swojej pracy kieruje si\u0119 nurtem holistycznym, dzi\u0119ki czemu potrafi pom\u00f3c skutecznie zadba\u0107 o zdrowie nawet najbardziej wymagaj\u0105cej sk\u00f3ry.\",\"url\":\"https:\\\/\\\/biozdrowy.pl\\\/blog\\\/author\\\/edytagolas\\\/\"}]}<\/script>\n<!-- \/ Yoast SEO plugin. -->","yoast_head_json":{"title":"Sk\u00f3ra na po\u015bladkach \u2013 jak poprawi\u0107 jej wygl\u0105d? Blog Biozdrowy","description":"Pozb\u0105d\u017a si\u0119 niedoskona\u0142o\u015bci sk\u00f3ry na po\u015bladkach! Dowiedz si\u0119, jak poprawi\u0107 jej kondycj\u0119 dzi\u0119ki domowej piel\u0119gnacji i skutecznym kosmetykom.","robots":{"index":"index","follow":"follow","max-snippet":"max-snippet:-1","max-image-preview":"max-image-preview:large","max-video-preview":"max-video-preview:-1"},"canonical":"https:\/\/biozdrowy.pl\/blog\/skora-na-posladkach-jak-poprawic-jej-wyglad\/","og_locale":"pl_PL","og_type":"article","og_title":"Sk\u00f3ra na po\u015bladkach \u2013 jak poprawi\u0107 jej wygl\u0105d? Blog Biozdrowy","og_description":"Pozb\u0105d\u017a si\u0119 niedoskona\u0142o\u015bci sk\u00f3ry na po\u015bladkach! Dowiedz si\u0119, jak poprawi\u0107 jej kondycj\u0119 dzi\u0119ki domowej piel\u0119gnacji i skutecznym kosmetykom.","og_url":"https:\/\/biozdrowy.pl\/blog\/skora-na-posladkach-jak-poprawic-jej-wyglad\/","og_site_name":"Strefa Wiedzy Biozdrowy","article_published_time":"2025-10-25T13:00:00+00:00","og_image":[{"width":1200,"height":630,"url":"https:\/\/biozdrowy.pl\/blog\/wp-content\/uploads\/2025\/10\/Jak-poprawic\u0301-wygla\u0328d-sko\u0301ry-na-pos\u0301ladkach-Praktyczny-poradnik.jpg","type":"image\/jpeg"}],"author":"Edyta Go\u0142a\u015b","twitter_card":"summary_large_image","twitter_misc":{"Napisane przez":"Edyta Go\u0142a\u015b","Szacowany czas czytania":"10 minut"},"schema":{"@context":"https:\/\/schema.org","@graph":[{"@type":"Article","@id":"https:\/\/biozdrowy.pl\/blog\/skora-na-posladkach-jak-poprawic-jej-wyglad\/#article","isPartOf":{"@id":"https:\/\/biozdrowy.pl\/blog\/skora-na-posladkach-jak-poprawic-jej-wyglad\/"},"author":{"name":"Edyta Go\u0142a\u015b","@id":"https:\/\/biozdrowy.pl\/blog\/#\/schema\/person\/140a327719b6ca42d88fd4b1865f0385"},"headline":"Jak poprawi\u0107 wygl\u0105d sk\u00f3ry na po\u015bladkach? Praktyczny poradnik","datePublished":"2025-10-25T13:00:00+00:00","mainEntityOfPage":{"@id":"https:\/\/biozdrowy.pl\/blog\/skora-na-posladkach-jak-poprawic-jej-wyglad\/"},"wordCount":1910,"commentCount":0,"publisher":{"@id":"https:\/\/biozdrowy.pl\/blog\/#organization"},"image":{"@id":"https:\/\/biozdrowy.pl\/blog\/skora-na-posladkach-jak-poprawic-jej-wyglad\/#primaryimage"},"thumbnailUrl":"https:\/\/biozdrowy.pl\/blog\/wp-content\/uploads\/2025\/10\/Jak-poprawic\u0301-wygla\u0328d-sko\u0301ry-na-pos\u0301ladkach-Praktyczny-poradnik.jpg","articleSection":["Styl \u017cycia","Zdrowie i uroda"],"inLanguage":"pl-PL","potentialAction":[{"@type":"CommentAction","name":"Comment","target":["https:\/\/biozdrowy.pl\/blog\/skora-na-posladkach-jak-poprawic-jej-wyglad\/#respond"]}]},{"@type":"WebPage","@id":"https:\/\/biozdrowy.pl\/blog\/skora-na-posladkach-jak-poprawic-jej-wyglad\/","url":"https:\/\/biozdrowy.pl\/blog\/skora-na-posladkach-jak-poprawic-jej-wyglad\/","name":"Sk\u00f3ra na po\u015bladkach \u2013 jak poprawi\u0107 jej wygl\u0105d? Blog Biozdrowy","isPartOf":{"@id":"https:\/\/biozdrowy.pl\/blog\/#website"},"primaryImageOfPage":{"@id":"https:\/\/biozdrowy.pl\/blog\/skora-na-posladkach-jak-poprawic-jej-wyglad\/#primaryimage"},"image":{"@id":"https:\/\/biozdrowy.pl\/blog\/skora-na-posladkach-jak-poprawic-jej-wyglad\/#primaryimage"},"thumbnailUrl":"https:\/\/biozdrowy.pl\/blog\/wp-content\/uploads\/2025\/10\/Jak-poprawic\u0301-wygla\u0328d-sko\u0301ry-na-pos\u0301ladkach-Praktyczny-poradnik.jpg","datePublished":"2025-10-25T13:00:00+00:00","description":"Pozb\u0105d\u017a si\u0119 niedoskona\u0142o\u015bci sk\u00f3ry na po\u015bladkach! Dowiedz si\u0119, jak poprawi\u0107 jej kondycj\u0119 dzi\u0119ki domowej piel\u0119gnacji i skutecznym kosmetykom.","breadcrumb":{"@id":"https:\/\/biozdrowy.pl\/blog\/skora-na-posladkach-jak-poprawic-jej-wyglad\/#breadcrumb"},"inLanguage":"pl-PL","potentialAction":[{"@type":"ReadAction","target":["https:\/\/biozdrowy.pl\/blog\/skora-na-posladkach-jak-poprawic-jej-wyglad\/"]}]},{"@type":"ImageObject","inLanguage":"pl-PL","@id":"https:\/\/biozdrowy.pl\/blog\/skora-na-posladkach-jak-poprawic-jej-wyglad\/#primaryimage","url":"https:\/\/biozdrowy.pl\/blog\/wp-content\/uploads\/2025\/10\/Jak-poprawic\u0301-wygla\u0328d-sko\u0301ry-na-pos\u0301ladkach-Praktyczny-poradnik.jpg","contentUrl":"https:\/\/biozdrowy.pl\/blog\/wp-content\/uploads\/2025\/10\/Jak-poprawic\u0301-wygla\u0328d-sko\u0301ry-na-pos\u0301ladkach-Praktyczny-poradnik.jpg","width":1200,"height":630,"caption":"Jak poprawic\u0301 wygla\u0328d sko\u0301ry na pos\u0301ladkach Praktyczny poradnik - obrazek wyr\u00f3\u017cniaj\u0105cy"},{"@type":"BreadcrumbList","@id":"https:\/\/biozdrowy.pl\/blog\/skora-na-posladkach-jak-poprawic-jej-wyglad\/#breadcrumb","itemListElement":[{"@type":"ListItem","position":1,"name":"Strona g\u0142\u00f3wna","item":"https:\/\/biozdrowy.pl\/blog\/"},{"@type":"ListItem","position":2,"name":"Jak poprawi\u0107 wygl\u0105d sk\u00f3ry na po\u015bladkach? Praktyczny poradnik"}]},{"@type":"WebSite","@id":"https:\/\/biozdrowy.pl\/blog\/#website","url":"https:\/\/biozdrowy.pl\/blog\/","name":"Strefa Wiedzy Biozdrowy","description":"","publisher":{"@id":"https:\/\/biozdrowy.pl\/blog\/#organization"},"potentialAction":[{"@type":"SearchAction","target":{"@type":"EntryPoint","urlTemplate":"https:\/\/biozdrowy.pl\/blog\/?s={search_term_string}"},"query-input":{"@type":"PropertyValueSpecification","valueRequired":true,"valueName":"search_term_string"}}],"inLanguage":"pl-PL"},{"@type":"Organization","@id":"https:\/\/biozdrowy.pl\/blog\/#organization","name":"Biozdrowy","url":"https:\/\/biozdrowy.pl\/blog\/","logo":{"@type":"ImageObject","inLanguage":"pl-PL","@id":"https:\/\/biozdrowy.pl\/blog\/#\/schema\/logo\/image\/","url":"https:\/\/biozdrowy.pl\/blog\/wp-content\/uploads\/2023\/10\/cropped-Strefa_wiedzy_logo_final.png","contentUrl":"https:\/\/biozdrowy.pl\/blog\/wp-content\/uploads\/2023\/10\/cropped-Strefa_wiedzy_logo_final.png","width":7118,"height":1514,"caption":"Biozdrowy"},"image":{"@id":"https:\/\/biozdrowy.pl\/blog\/#\/schema\/logo\/image\/"}},{"@type":"Person","@id":"https:\/\/biozdrowy.pl\/blog\/#\/schema\/person\/140a327719b6ca42d88fd4b1865f0385","name":"Edyta Go\u0142a\u015b","image":{"@type":"ImageObject","inLanguage":"pl-PL","@id":"https:\/\/secure.gravatar.com\/avatar\/1bfc8ccd4349eca95ec0dda9d88fa762c39bcd4fb3ecae0287f1bdcaa1af6131?s=96&d=mm&r=g","url":"https:\/\/secure.gravatar.com\/avatar\/1bfc8ccd4349eca95ec0dda9d88fa762c39bcd4fb3ecae0287f1bdcaa1af6131?s=96&d=mm&r=g","contentUrl":"https:\/\/secure.gravatar.com\/avatar\/1bfc8ccd4349eca95ec0dda9d88fa762c39bcd4fb3ecae0287f1bdcaa1af6131?s=96&d=mm&r=g","caption":"Edyta Go\u0142a\u015b"},"description":"Magister kosmetologii Jej pasj\u0105 jest rozk\u0142adanie problem\u00f3w sk\u00f3rnych na czynniki pierwsze tak, aby odnale\u017a\u0107 ich prawdziw\u0105 przyczyn\u0119. W swojej pracy kieruje si\u0119 nurtem holistycznym, dzi\u0119ki czemu potrafi pom\u00f3c skutecznie zadba\u0107 o zdrowie nawet najbardziej wymagaj\u0105cej sk\u00f3ry.","url":"https:\/\/biozdrowy.pl\/blog\/author\/edytagolas\/"}]}},"_links":{"self":[{"href":"https:\/\/biozdrowy.pl\/blog\/wp-json\/wp\/v2\/posts\/7319","targetHints":{"allow":["GET"]}}],"collection":[{"href":"https:\/\/biozdrowy.pl\/blog\/wp-json\/wp\/v2\/posts"}],"about":[{"href":"https:\/\/biozdrowy.pl\/blog\/wp-json\/wp\/v2\/types\/post"}],"author":[{"embeddable":true,"href":"https:\/\/biozdrowy.pl\/blog\/wp-json\/wp\/v2\/users\/12"}],"replies":[{"embeddable":true,"href":"https:\/\/biozdrowy.pl\/blog\/wp-json\/wp\/v2\/comments?post=7319"}],"version-history":[{"count":7,"href":"https:\/\/biozdrowy.pl\/blog\/wp-json\/wp\/v2\/posts\/7319\/revisions"}],"predecessor-version":[{"id":7353,"href":"https:\/\/biozdrowy.pl\/blog\/wp-json\/wp\/v2\/posts\/7319\/revisions\/7353"}],"wp:featuredmedia":[{"embeddable":true,"href":"https:\/\/biozdrowy.pl\/blog\/wp-json\/wp\/v2\/media\/7329"}],"wp:attachment":[{"href":"https:\/\/biozdrowy.pl\/blog\/wp-json\/wp\/v2\/media?parent=7319"}],"wp:term":[{"taxonomy":"category","embeddable":true,"href":"https:\/\/biozdrowy.pl\/blog\/wp-json\/wp\/v2\/categories?post=7319"},{"taxonomy":"post_tag","embeddable":true,"href":"https:\/\/biozdrowy.pl\/blog\/wp-json\/wp\/v2\/tags?post=7319"}],"curies":[{"name":"wp","href":"https:\/\/api.w.org\/{rel}","templated":true}]}}