{"id":5291,"date":"2025-02-23T08:00:13","date_gmt":"2025-02-23T08:00:13","guid":{"rendered":"https:\/\/biozdrowy.pl\/blog\/?p=5291"},"modified":"2025-11-28T18:12:03","modified_gmt":"2025-11-28T18:12:03","slug":"najczestsze-choroby-wlosow-i-skory-glowy","status":"publish","type":"post","link":"https:\/\/biozdrowy.pl\/blog\/najczestsze-choroby-wlosow-i-skory-glowy\/","title":{"rendered":"Najcz\u0119stsze choroby w\u0142os\u00f3w i sk\u00f3ry g\u0142owy &#8211; jak je rozpozna\u0107 i leczy\u0107?"},"content":{"rendered":"<p style=\"text-align: justify;\"><span style=\"font-weight: 400;\">Czy masz wra\u017cenie, \u017ce Twoje w\u0142osy s\u0105 coraz s\u0142absze, a sk\u00f3ra g\u0142owy coraz bardziej wymagaj\u0105ca? Zastanawiasz si\u0119, czy to tylko chwilowy problem, czy mo\u017ce objaw powa\u017cniejszych problem\u00f3w zdrowotnych? \u0141upie\u017c, \u0142uszczyca, grzybica \u2013 to tylko niekt\u00f3re z najcz\u0119stszych chor\u00f3b, kt\u00f3re mog\u0105 dotyka\u0107 sk\u00f3ry g\u0142owy oraz wp\u0142ywa\u0107 na zdrowie i wygl\u0105d Twoich w\u0142os\u00f3w. Z tego artyku\u0142u dowiesz si\u0119, jak je rozpozna\u0107 oraz co zrobi\u0107, aby skutecznie je leczy\u0107.<\/span><\/p>\n<div id=\"ez-toc-container\" class=\"ez-toc-v2_0_82_2 counter-hierarchy ez-toc-counter ez-toc-grey ez-toc-container-direction\">\n<div class=\"ez-toc-title-container\">\n<p class=\"ez-toc-title\" style=\"cursor:inherit\">Spis tre\u015bci<\/p>\n<span class=\"ez-toc-title-toggle\"><a href=\"#\" class=\"ez-toc-pull-right ez-toc-btn ez-toc-btn-xs ez-toc-btn-default ez-toc-toggle\" aria-label=\"Prze\u0142\u0105cznik Spisu Tre\u015bci\"><span class=\"ez-toc-js-icon-con\"><span class=\"\"><span class=\"eztoc-hide\" style=\"display:none;\">Toggle<\/span><span class=\"ez-toc-icon-toggle-span\"><svg style=\"fill: #999;color:#999\" xmlns=\"http:\/\/www.w3.org\/2000\/svg\" class=\"list-377408\" width=\"20px\" height=\"20px\" viewBox=\"0 0 24 24\" fill=\"none\"><path d=\"M6 6H4v2h2V6zm14 0H8v2h12V6zM4 11h2v2H4v-2zm16 0H8v2h12v-2zM4 16h2v2H4v-2zm16 0H8v2h12v-2z\" fill=\"currentColor\"><\/path><\/svg><svg style=\"fill: #999;color:#999\" class=\"arrow-unsorted-368013\" xmlns=\"http:\/\/www.w3.org\/2000\/svg\" width=\"10px\" height=\"10px\" viewBox=\"0 0 24 24\" version=\"1.2\" baseProfile=\"tiny\"><path d=\"M18.2 9.3l-6.2-6.3-6.2 6.3c-.2.2-.3.4-.3.7s.1.5.3.7c.2.2.4.3.7.3h11c.3 0 .5-.1.7-.3.2-.2.3-.5.3-.7s-.1-.5-.3-.7zM5.8 14.7l6.2 6.3 6.2-6.3c.2-.2.3-.5.3-.7s-.1-.5-.3-.7c-.2-.2-.4-.3-.7-.3h-11c-.3 0-.5.1-.7.3-.2.2-.3.5-.3.7s.1.5.3.7z\"\/><\/svg><\/span><\/span><\/span><\/a><\/span><\/div>\n<nav><ul class='ez-toc-list ez-toc-list-level-1 ' ><li class='ez-toc-page-1 ez-toc-heading-level-2'><a class=\"ez-toc-link ez-toc-heading-1\" href=\"https:\/\/biozdrowy.pl\/blog\/najczestsze-choroby-wlosow-i-skory-glowy\/#Najczestsze_choroby_wlosow_i_skory_glowy\" >Najcz\u0119stsze choroby w\u0142os\u00f3w i sk\u00f3ry g\u0142owy<\/a><ul class='ez-toc-list-level-3' ><li class='ez-toc-heading-level-3'><a class=\"ez-toc-link ez-toc-heading-2\" href=\"https:\/\/biozdrowy.pl\/blog\/najczestsze-choroby-wlosow-i-skory-glowy\/#Lupiez\" >\u0141upie\u017c<\/a><\/li><li class='ez-toc-page-1 ez-toc-heading-level-3'><a class=\"ez-toc-link ez-toc-heading-3\" href=\"https:\/\/biozdrowy.pl\/blog\/najczestsze-choroby-wlosow-i-skory-glowy\/#Luszczyca\" >\u0141uszczyca<\/a><\/li><li class='ez-toc-page-1 ez-toc-heading-level-3'><a class=\"ez-toc-link ez-toc-heading-4\" href=\"https:\/\/biozdrowy.pl\/blog\/najczestsze-choroby-wlosow-i-skory-glowy\/#Lysienie\" >\u0141ysienie<\/a><\/li><li class='ez-toc-page-1 ez-toc-heading-level-3'><a class=\"ez-toc-link ez-toc-heading-5\" href=\"https:\/\/biozdrowy.pl\/blog\/najczestsze-choroby-wlosow-i-skory-glowy\/#Grzybica\" >Grzybica<\/a><\/li><li class='ez-toc-page-1 ez-toc-heading-level-3'><a class=\"ez-toc-link ez-toc-heading-6\" href=\"https:\/\/biozdrowy.pl\/blog\/najczestsze-choroby-wlosow-i-skory-glowy\/#Wszawica\" >Wszawica<\/a><\/li><li class='ez-toc-page-1 ez-toc-heading-level-3'><a class=\"ez-toc-link ez-toc-heading-7\" href=\"https:\/\/biozdrowy.pl\/blog\/najczestsze-choroby-wlosow-i-skory-glowy\/#Lojotokowe_zapalenie_skory\" >\u0141ojotokowe zapalenie sk\u00f3ry<\/a><\/li><\/ul><\/li><li class='ez-toc-page-1 ez-toc-heading-level-2'><a class=\"ez-toc-link ez-toc-heading-8\" href=\"https:\/\/biozdrowy.pl\/blog\/najczestsze-choroby-wlosow-i-skory-glowy\/#Przyczyny_problemow_z_wlosami_i_skora_glowy\" >Przyczyny problem\u00f3w z w\u0142osami i sk\u00f3r\u0105 g\u0142owy<\/a><\/li><li class='ez-toc-page-1 ez-toc-heading-level-2'><a class=\"ez-toc-link ez-toc-heading-9\" href=\"https:\/\/biozdrowy.pl\/blog\/najczestsze-choroby-wlosow-i-skory-glowy\/#Jak_rozpoznac_objawy_chorob_skory_glowy\" >Jak rozpozna\u0107 objawy chor\u00f3b sk\u00f3ry g\u0142owy?<\/a><\/li><li class='ez-toc-page-1 ez-toc-heading-level-2'><a class=\"ez-toc-link ez-toc-heading-10\" href=\"https:\/\/biozdrowy.pl\/blog\/najczestsze-choroby-wlosow-i-skory-glowy\/#Jak_leczyc_choroby_skory_glowy\" >Jak leczy\u0107 choroby sk\u00f3ry g\u0142owy?<\/a><\/li><li class='ez-toc-page-1 ez-toc-heading-level-2'><a class=\"ez-toc-link ez-toc-heading-11\" href=\"https:\/\/biozdrowy.pl\/blog\/najczestsze-choroby-wlosow-i-skory-glowy\/#Badania_nad_chorobami_wlosow_i_skory_glowy\" >Badania nad chorobami w\u0142os\u00f3w i sk\u00f3ry g\u0142owy<\/a><\/li><li class='ez-toc-page-1 ez-toc-heading-level-2'><a class=\"ez-toc-link ez-toc-heading-12\" href=\"https:\/\/biozdrowy.pl\/blog\/najczestsze-choroby-wlosow-i-skory-glowy\/#FAQ\" >FAQ<\/a><ul class='ez-toc-list-level-3' ><li class='ez-toc-heading-level-3'><a class=\"ez-toc-link ez-toc-heading-13\" href=\"https:\/\/biozdrowy.pl\/blog\/najczestsze-choroby-wlosow-i-skory-glowy\/#Dlaczego_skora_glowy_choruje\" >Dlaczego sk\u00f3ra g\u0142owy choruje?<\/a><\/li><li class='ez-toc-page-1 ez-toc-heading-level-3'><a class=\"ez-toc-link ez-toc-heading-14\" href=\"https:\/\/biozdrowy.pl\/blog\/najczestsze-choroby-wlosow-i-skory-glowy\/#Jakie_sa_choroby_skory_glowy\" >Jakie s\u0105 choroby sk\u00f3ry g\u0142owy?<\/a><\/li><li class='ez-toc-page-1 ez-toc-heading-level-3'><a class=\"ez-toc-link ez-toc-heading-15\" href=\"https:\/\/biozdrowy.pl\/blog\/najczestsze-choroby-wlosow-i-skory-glowy\/#Jak_wyglada_stan_zapalny_skory_glowy\" >Jak wygl\u0105da stan zapalny sk\u00f3ry g\u0142owy?<\/a><\/li><li class='ez-toc-page-1 ez-toc-heading-level-3'><a class=\"ez-toc-link ez-toc-heading-16\" href=\"https:\/\/biozdrowy.pl\/blog\/najczestsze-choroby-wlosow-i-skory-glowy\/#Co_zrobic_gdy_swedzi_skora_glowy\" >Co zrobi\u0107, gdy sw\u0119dzi sk\u00f3ra g\u0142owy?<\/a><\/li><li class='ez-toc-page-1 ez-toc-heading-level-3'><a class=\"ez-toc-link ez-toc-heading-17\" href=\"https:\/\/biozdrowy.pl\/blog\/najczestsze-choroby-wlosow-i-skory-glowy\/#Jak_zapobiegac_chorobom_skory_glowy\" >Jak zapobiega\u0107 chorobom sk\u00f3ry g\u0142owy?<\/a><\/li><\/ul><\/li><li class='ez-toc-page-1 ez-toc-heading-level-2'><a class=\"ez-toc-link ez-toc-heading-18\" href=\"https:\/\/biozdrowy.pl\/blog\/najczestsze-choroby-wlosow-i-skory-glowy\/#Zobacz_takze\" >Zobacz tak\u017ce<\/a><\/li><li class='ez-toc-page-1 ez-toc-heading-level-2'><a class=\"ez-toc-link ez-toc-heading-19\" href=\"https:\/\/biozdrowy.pl\/blog\/najczestsze-choroby-wlosow-i-skory-glowy\/#Bibliografia\" >Bibliografia<\/a><\/li><\/ul><\/nav><\/div>\n<h2><span class=\"ez-toc-section\" id=\"Najczestsze_choroby_wlosow_i_skory_glowy\"><\/span><strong>Najcz\u0119stsze choroby w\u0142os\u00f3w i sk\u00f3ry g\u0142owy<\/strong><span class=\"ez-toc-section-end\"><\/span><\/h2>\n<p style=\"text-align: justify;\"><span style=\"font-weight: 400;\">Sk\u00f3r\u0119 g\u0142owy mo\u017ce dotyka\u0107 wiele schorze\u0144, utrudniaj\u0105cych codzienne funkcjonowanie. \u0141upie\u017c, \u0142uszczyca, \u0142ysienie czy \u0142ojotokowe zapalenie sk\u00f3ry to jedne z najcz\u0119\u015bciej wyst\u0119puj\u0105cych problem\u00f3w. Ka\u017cda z tych chor\u00f3b ma swoje charakterystyczne objawy i r\u00f3\u017cne przyczyny. Sprawd\u017a, jakie choroby sk\u00f3ry g\u0142owy pojawiaj\u0105 si\u0119 najcz\u0119\u015bciej i czym si\u0119 charakteryzuj\u0105.<\/span><\/p>\n<h3><span class=\"ez-toc-section\" id=\"Lupiez\"><\/span><strong>\u0141upie\u017c<\/strong><span class=\"ez-toc-section-end\"><\/span><\/h3>\n<p style=\"text-align: justify;\"><span style=\"font-weight: 400;\">\u0141upie\u017c jest jedn\u0105 z najcz\u0119\u015bciej wyst\u0119puj\u0105cych chor\u00f3b sk\u00f3ry g\u0142owy. Objawia si\u0119 z\u0142uszczaniem nask\u00f3rka, kt\u00f3re przybiera form\u0119 drobnych, bia\u0142ych \u0142usek widocznych na w\u0142osach i ubraniach. Cz\u0119sto towarzyszy mu \u015bwi\u0105d, a w niekt\u00f3rych przypadkach zaczerwienienie sk\u00f3ry.<\/span><\/p>\n<p style=\"text-align: justify;\"><span style=\"font-weight: 400;\">Najcz\u0119stsz\u0105 przyczyn\u0105 \u0142upie\u017cu jest nadmierna aktywno\u015b\u0107 dro\u017cd\u017cak\u00f3w z rodzaju <\/span><i><span style=\"font-weight: 400;\">Malassezia<\/span><\/i><span style=\"font-weight: 400;\">, kt\u00f3re naturalnie bytuj\u0105 na sk\u00f3rze. Ich rozw\u00f3j mo\u017ce by\u0107 wynikiem stresu, niew\u0142a\u015bciwej piel\u0119gnacji, zmian hormonalnych lub stosowania kosmetyk\u00f3w podra\u017cniaj\u0105cych sk\u00f3r\u0119. Suchy \u0142upie\u017c pojawia si\u0119 cz\u0119\u015bciej przy przesuszonej sk\u00f3rze, natomiast \u0142upie\u017c t\u0142usty zwi\u0105zany jest z nadmiarem sebum.<\/span><\/p>\n<ul style=\"text-align: justify;\">\n<li style=\"font-weight: 400;\" aria-level=\"1\"><b>\u0141upie\u017c suchy<\/b><span style=\"font-weight: 400;\">: ma form\u0119 drobnych, bia\u0142ych p\u0142atk\u00f3w, kt\u00f3re \u0142atwo osypuj\u0105 si\u0119 z w\u0142os\u00f3w.<\/span><\/li>\n<li style=\"font-weight: 400;\" aria-level=\"1\"><b>\u0141upie\u017c t\u0142usty<\/b><span style=\"font-weight: 400;\">: charakteryzuje si\u0119 \u017c\u00f3\u0142tawymi, przylegaj\u0105cymi do sk\u00f3ry \u0142uskami. Cz\u0119sto towarzyszy mu \u015bwi\u0105d i przet\u0142uszczanie w\u0142os\u00f3w.<\/span><\/li>\n<\/ul>\n<p style=\"text-align: justify;\"><span style=\"font-weight: 400;\">\u0141agodny \u0142upie\u017c mo\u017cna cz\u0119sto wyeliminowa\u0107, stosuj\u0105c odpowiednie szampony przeciw\u0142upie\u017cowe zawieraj\u0105ce substancje takie jak pirytionian cynku czy ketokonazol.<\/span><\/p>\n<h3><span class=\"ez-toc-section\" id=\"Luszczyca\"><\/span><strong>\u0141uszczyca<\/strong><span class=\"ez-toc-section-end\"><\/span><\/h3>\n<p style=\"text-align: justify;\"><span style=\"font-weight: 400;\">\u0141uszczyca sk\u00f3ry g\u0142owy jest przewlek\u0142\u0105 chorob\u0105 autoimmunologiczn\u0105, kt\u00f3ra powoduje nadmierne rogowacenie nask\u00f3rka. Szacuje si\u0119, \u017ce dotyka od 2 do 4% populacji, a u wielu os\u00f3b pierwsze objawy pojawiaj\u0105 si\u0119 w\u0142a\u015bnie na sk\u00f3rze g\u0142owy.<\/span><\/p>\n<p style=\"text-align: justify;\"><span style=\"font-weight: 400;\"><strong>\u0141uszczyca sk\u00f3ry g\u0142owy objawia si\u0119 obecno\u015bci\u0105 srebrzystych \u0142usek i zaczerwienionych plam na sk\u00f3rze.<\/strong> Zmiany mog\u0105 by\u0107 ograniczone do niewielkich obszar\u00f3w lub obejmowa\u0107 ca\u0142\u0105 sk\u00f3r\u0119 g\u0142owy. Cz\u0119sto towarzyszy im \u015bwi\u0105d, pieczenie, a w ci\u0119\u017cszych przypadkach nawet drobne krwawienia spowodowane drapaniem.<\/span><\/p>\n<p style=\"text-align: justify;\"><span style=\"font-weight: 400;\">Przyczyny \u0142uszczycy nie s\u0105 do ko\u0144ca znane, ale wiadomo, \u017ce choroba ma pod\u0142o\u017ce genetyczne i immunologiczne. Czynniki wywo\u0142uj\u0105ce nawroty to stres, infekcje, uszkodzenia sk\u00f3ry, a tak\u017ce niekt\u00f3re leki.<\/span><\/p>\n<p style=\"text-align: justify;\"><span style=\"font-weight: 400;\">Leczenie \u0142uszczycy zale\u017cy od jej nasilenia. W przypadku \u0142agodnych objaw\u00f3w stosuje si\u0119 szampony i ma\u015bci zawieraj\u0105ce kwas salicylowy lub dziegcie, kt\u00f3re pomagaj\u0105 z\u0142uszcza\u0107 nask\u00f3rek i \u0142agodzi\u0107 stan zapalny. W ci\u0119\u017cszych przypadkach dermatolog mo\u017ce zaleci\u0107 leki na recept\u0119, takie jak kortykosteroidy lub terapie og\u00f3lnoustrojowe.<\/span><\/p>\n<h3><span class=\"ez-toc-section\" id=\"Lysienie\"><\/span><strong>\u0141ysienie<\/strong><span class=\"ez-toc-section-end\"><\/span><\/h3>\n<p style=\"text-align: justify;\"><span style=\"font-weight: 400;\">\u0141ysienie to proces nadmiernego wypadania w\u0142os\u00f3w, kt\u00f3ry mo\u017ce prowadzi\u0107 do cz\u0119\u015bciowej lub ca\u0142kowitej utraty ow\u0142osienia. Problem ten dotyka zar\u00f3wno m\u0119\u017cczyzn, jak i kobiet, a jego nasilenie i przyczyny mog\u0105 by\u0107 r\u00f3\u017cne.<\/span><\/p>\n<p style=\"text-align: justify;\"><b>Jakie s\u0105 rodzaje \u0142ysienia?<\/b><\/p>\n<ul style=\"text-align: justify;\">\n<li style=\"font-weight: 400;\" aria-level=\"1\"><b>\u0141ysienie androgenowe<\/b><span style=\"font-weight: 400;\"> \u2013 najcz\u0119stsza forma \u0142ysienia, kt\u00f3ra wynika z nadwra\u017cliwo\u015bci mieszk\u00f3w w\u0142osowych na dihydrotestosteron (DHT). Objawia si\u0119 przerzedzeniem w\u0142os\u00f3w w okre\u015blonych miejscach \u2013 na czubku g\u0142owy u m\u0119\u017cczyzn i na szczycie g\u0142owy u kobiet.<\/span><\/li>\n<li style=\"font-weight: 400;\" aria-level=\"1\"><b>\u0141ysienie plackowate<\/b><span style=\"font-weight: 400;\"> \u2013 choroba autoimmunologiczna, w kt\u00f3rej uk\u0142ad odporno\u015bciowy atakuje mieszki w\u0142osowe. Powoduje pojawianie si\u0119 okr\u0105g\u0142ych, pozbawionych w\u0142os\u00f3w plam na sk\u00f3rze g\u0142owy.<\/span><\/li>\n<li style=\"font-weight: 400;\" aria-level=\"1\"><b>\u0141ysienie telogenowe<\/b><span style=\"font-weight: 400;\"> \u2013 tymczasowe wypadanie w\u0142os\u00f3w zwi\u0105zane z zaburzeniem cyklu wzrostu. Mo\u017ce by\u0107 wywo\u0142ane przez stres, choroby lub niedobory sk\u0142adnik\u00f3w od\u017cywczych.<\/span><\/li>\n<\/ul>\n<p style=\"text-align: justify;\"><span style=\"font-weight: 400;\">\u0141ysienie mo\u017ce by\u0107 wynikiem czynnik\u00f3w genetycznych, zaburze\u0144 hormonalnych, przewlek\u0142ego stresu, infekcji sk\u00f3ry g\u0142owy lub stosowania agresywnych zabieg\u00f3w kosmetycznych. Wa\u017cne jest, aby ustali\u0107 przyczyn\u0119, poniewa\u017c od niej zale\u017cy odpowiednie leczenie.<\/span><\/p>\n<p style=\"text-align: justify;\"><span style=\"font-weight: 400;\">W leczeniu \u0142ysienia androgenowego stosuje si\u0119 preparaty hamuj\u0105ce dzia\u0142anie DHT, takie jak minoksydyl czy finasteryd. \u0141ysienie plackowate mo\u017ce wymaga\u0107 terapii kortykosteroidami lub lekami immunosupresyjnymi. W przypadku \u0142ysienia telogenowego wa\u017cna jest eliminacja przyczyny, np. redukcja stresu lub poprawa diety.<\/span><\/p>\n<p><img loading=\"lazy\" decoding=\"async\" class=\"aligncenter wp-image-7623 size-full\" src=\"https:\/\/biozdrowy.pl\/blog\/wp-content\/uploads\/2025\/02\/najczestsze-choroby-wlosow-i-skory-glowy.jpg\" alt=\"Najcz\u0119stsze choroby w\u0142os\u00f3w i sk\u00f3ry g\u0142owy - infografika\" width=\"940\" height=\"700\" srcset=\"https:\/\/biozdrowy.pl\/blog\/wp-content\/uploads\/2025\/02\/najczestsze-choroby-wlosow-i-skory-glowy.jpg 940w, https:\/\/biozdrowy.pl\/blog\/wp-content\/uploads\/2025\/02\/najczestsze-choroby-wlosow-i-skory-glowy-300x223.jpg 300w, https:\/\/biozdrowy.pl\/blog\/wp-content\/uploads\/2025\/02\/najczestsze-choroby-wlosow-i-skory-glowy-768x572.jpg 768w, https:\/\/biozdrowy.pl\/blog\/wp-content\/uploads\/2025\/02\/najczestsze-choroby-wlosow-i-skory-glowy-432x322.jpg 432w\" sizes=\"auto, (max-width: 940px) 100vw, 940px\" \/><\/p>\n<h3><span class=\"ez-toc-section\" id=\"Grzybica\"><\/span><strong>Grzybica<\/strong><span class=\"ez-toc-section-end\"><\/span><\/h3>\n<p style=\"text-align: justify;\"><span style=\"font-weight: 400;\">Grzybica sk\u00f3ry g\u0142owy to zaka\u017cenie wywo\u0142ane przez grzyby dermatofitowe, kt\u00f3re atakuj\u0105 w\u0142osy, sk\u00f3r\u0119 i mieszki w\u0142osowe. Choroba wyst\u0119puje cz\u0119\u015bciej u dzieci, ale mo\u017ce dotyczy\u0107 te\u017c doros\u0142ych. Zaka\u017cenie jest bardzo zara\u017aliwe i cz\u0119sto przenosi si\u0119 przez kontakt z osob\u0105 chor\u0105 lub zaka\u017conymi przedmiotami, takimi jak grzebienie czy r\u0119czniki.<\/span><\/p>\n<p style=\"text-align: justify;\"><span style=\"font-weight: 400;\">Grzybica objawia si\u0119 \u0142uszczeniem sk\u00f3ry, zaczerwienieniem oraz pojawieniem si\u0119 plack\u00f3w pozbawionych w\u0142os\u00f3w. W niekt\u00f3rych przypadkach wyst\u0119puj\u0105 te\u017c krosty, strupy lub obrz\u0119k. W\u0142osy w miejscu zaka\u017cenia cz\u0119sto staj\u0105 si\u0119 \u0142amliwe i wypadaj\u0105.<\/span><\/p>\n<p style=\"text-align: justify;\"><strong>Grzybica sk\u00f3ry g\u0142owy przenosi si\u0119 przez:<\/strong><\/p>\n<ul style=\"text-align: justify;\">\n<li style=\"font-weight: 400;\" aria-level=\"1\"><span style=\"font-weight: 400;\">bezpo\u015bredni kontakt z osob\u0105 chor\u0105,<\/span><\/li>\n<li style=\"font-weight: 400;\" aria-level=\"1\"><span style=\"font-weight: 400;\">u\u017cywanie wsp\u00f3lnych przedmiot\u00f3w, takich jak grzebienie, r\u0119czniki czy nakrycia g\u0142owy,<\/span><\/li>\n<li style=\"font-weight: 400;\" aria-level=\"1\"><span style=\"font-weight: 400;\">kontakt ze zwierz\u0119tami zaka\u017conymi dermatofitami, zw\u0142aszcza kotami i psami.<\/span><\/li>\n<\/ul>\n<p style=\"text-align: justify;\"><span style=\"font-weight: 400;\">Grzybica wymaga leczenia przeciwgrzybiczego. Dermatolog mo\u017ce zaleci\u0107 stosowanie miejscowych \u015brodk\u00f3w przeciwgrzybiczych, takich jak szampony zawieraj\u0105ce ketokonazol, oraz terapi\u0119 doustn\u0105, np. z u\u017cyciem itrakonazolu lub terbinafiny. Wa\u017cne jest regularne dezynfekowanie przedmiot\u00f3w, kt\u00f3re mia\u0142y kontakt z zaka\u017con\u0105 sk\u00f3r\u0105.<\/span><\/p>\n<h3><span class=\"ez-toc-section\" id=\"Wszawica\"><\/span><strong>Wszawica<\/strong><span class=\"ez-toc-section-end\"><\/span><\/h3>\n<p style=\"text-align: justify;\"><span style=\"font-weight: 400;\">Wszawica sk\u00f3ry g\u0142owy to <strong>choroba paso\u017cytnicza wywo\u0142ywana przez wesz g\u0142owow\u0105<\/strong> (<\/span><i><span style=\"font-weight: 400;\">Pediculus humanus capitis<\/span><\/i><span style=\"font-weight: 400;\">). Dotyka g\u0142\u00f3wnie dzieci, cho\u0107 czasem mo\u017ce pojawi\u0107 si\u0119 te\u017c u doros\u0142ych. Choroba przenosi si\u0119 przez bezpo\u015bredni kontakt z osob\u0105 zaka\u017con\u0105 lub przez wsp\u00f3lne u\u017cywanie przedmiot\u00f3w, takich jak szczotki, czapki czy po\u015bciel.<\/span><\/p>\n<p style=\"text-align: justify;\"><span style=\"font-weight: 400;\">Najbardziej charakterystycznym objawem wszawicy jest intensywny \u015bwi\u0105d sk\u00f3ry g\u0142owy, spowodowany reakcj\u0105 na \u015blin\u0119 wszy. Przy dok\u0142adnym obejrzeniu w\u0142os\u00f3w mo\u017cna zauwa\u017cy\u0107:<\/span><\/p>\n<ul style=\"text-align: justify;\">\n<li style=\"font-weight: 400;\" aria-level=\"1\"><b>gnidy<\/b><span style=\"font-weight: 400;\"> \u2013 ma\u0142e, bia\u0142e jaja wszy przyczepione do w\u0142os\u00f3w u nasady,<\/span><\/li>\n<li style=\"font-weight: 400;\" aria-level=\"1\"><b>doros\u0142e wszy<\/b><span style=\"font-weight: 400;\"> \u2013 niewielkie, ciemne paso\u017cyty poruszaj\u0105ce si\u0119 po sk\u00f3rze g\u0142owy,<\/span><\/li>\n<li style=\"font-weight: 400;\" aria-level=\"1\"><span style=\"font-weight: 400;\">zaczerwienienia i podra\u017cnienia na sk\u00f3rze, wywo\u0142ane drapaniem.<\/span><\/li>\n<\/ul>\n<p style=\"text-align: justify;\"><span style=\"font-weight: 400;\">Leczenie wszawicy polega na stosowaniu specjalistycznych preparat\u00f3w dost\u0119pnych w aptece, takich jak szampony lub p\u0142yny zawieraj\u0105ce permetryn\u0119 lub dimetikon. Po ich zastosowaniu nale\u017cy dok\u0142adnie wyczesa\u0107 w\u0142osy grzebieniem o g\u0119stych z\u0105bkach, aby usun\u0105\u0107 gnidy i doros\u0142e wszy.\u00a0<\/span><\/p>\n<h3><span class=\"ez-toc-section\" id=\"Lojotokowe_zapalenie_skory\"><\/span><strong>\u0141ojotokowe zapalenie sk\u00f3ry<\/strong><span class=\"ez-toc-section-end\"><\/span><\/h3>\n<p style=\"text-align: justify;\"><span style=\"font-weight: 400;\">\u0141ojotokowe zapalenie sk\u00f3ry to przewlek\u0142a choroba zapalna, kt\u00f3ra dotyczy obszar\u00f3w sk\u00f3ry z du\u017c\u0105 ilo\u015bci\u0105 gruczo\u0142\u00f3w \u0142ojowych, w tym sk\u00f3ry g\u0142owy. Problem ten cz\u0119sto pojawia si\u0119 u m\u0142odych doros\u0142ych, ale mo\u017ce dotkn\u0105\u0107 osoby w ka\u017cdym wieku. Choroba ma charakter nawracaj\u0105cy, a jej objawy nasilaj\u0105 si\u0119 w okresach stresu, zm\u0119czenia czy zim\u0105.<\/span><\/p>\n<p style=\"text-align: justify;\"><strong>Najcz\u0119stsze objawy to:<\/strong><\/p>\n<ul style=\"text-align: justify;\">\n<li style=\"font-weight: 400;\" aria-level=\"1\"><span style=\"font-weight: 400;\">t\u0142uste, \u017c\u00f3\u0142tawe \u0142uski na sk\u00f3rze g\u0142owy,<\/span><\/li>\n<li style=\"font-weight: 400;\" aria-level=\"1\"><span style=\"font-weight: 400;\">zaczerwienienie i \u015bwi\u0105d,<\/span><\/li>\n<li style=\"font-weight: 400;\" aria-level=\"1\"><span style=\"font-weight: 400;\">przet\u0142uszczanie si\u0119 w\u0142os\u00f3w,<\/span><\/li>\n<li style=\"font-weight: 400;\" aria-level=\"1\"><span style=\"font-weight: 400;\">czasami niewielkie strupy i pieczenie w miejscach zapalnych.<\/span><\/li>\n<\/ul>\n<p style=\"text-align: justify;\"><span style=\"font-weight: 400;\">W niekt\u00f3rych przypadkach \u0142ojotokowe zapalenie sk\u00f3ry bywa mylone z \u0142upie\u017cem, jednak r\u00f3\u017cni si\u0119 od niego nasileniem objaw\u00f3w i przewlek\u0142ym charakterem.<\/span><\/p>\n<p style=\"text-align: justify;\"><span style=\"font-weight: 400;\">G\u0142\u00f3wnym czynnikiem wywo\u0142uj\u0105cym chorob\u0119 jest nadprodukcja sebum oraz reakcja sk\u00f3ry na dro\u017cd\u017caki z rodzaju <\/span><i><span style=\"font-weight: 400;\">Malassezia<\/span><\/i><span style=\"font-weight: 400;\">. Dodatkowymi czynnikami s\u0105 stres, nieprawid\u0142owa dieta, zmiany hormonalne oraz predyspozycje genetyczne.<\/span><\/p>\n<p style=\"text-align: justify;\"><span style=\"font-weight: 400;\">Leczenie \u0142ojotokowego zapalenia sk\u00f3ry obejmuje stosowanie specjalistycznych szampon\u00f3w zawieraj\u0105cych substancje takie jak ketokonazol, pirytionian cynku czy siarczek selenu. W ci\u0119\u017cszych przypadkach dermatolog mo\u017ce zaleci\u0107 miejscowe kortykosteroidy lub leki przeciwgrzybicze. Wa\u017cna jest regularna piel\u0119gnacja sk\u00f3ry g\u0142owy i unikanie czynnik\u00f3w zaostrzaj\u0105cych objawy, takich jak kosmetyki zawieraj\u0105ce alkohol.<\/span><\/p>\n<p><img loading=\"lazy\" decoding=\"async\" class=\"aligncenter wp-image-7626 size-full\" src=\"https:\/\/biozdrowy.pl\/blog\/wp-content\/uploads\/2025\/02\/przerzedzone-wlosy-choroby-skory-glowy.jpg\" alt=\"Kobieta ods\u0142aniaj\u0105ca przedzia\u0142ek, pokazuj\u0105ca przerzedzone w\u0142osy i objawy problem\u00f3w sk\u00f3ry g\u0142owy.\" width=\"1200\" height=\"630\" srcset=\"https:\/\/biozdrowy.pl\/blog\/wp-content\/uploads\/2025\/02\/przerzedzone-wlosy-choroby-skory-glowy.jpg 1200w, https:\/\/biozdrowy.pl\/blog\/wp-content\/uploads\/2025\/02\/przerzedzone-wlosy-choroby-skory-glowy-300x158.jpg 300w, https:\/\/biozdrowy.pl\/blog\/wp-content\/uploads\/2025\/02\/przerzedzone-wlosy-choroby-skory-glowy-1024x538.jpg 1024w, https:\/\/biozdrowy.pl\/blog\/wp-content\/uploads\/2025\/02\/przerzedzone-wlosy-choroby-skory-glowy-768x403.jpg 768w, https:\/\/biozdrowy.pl\/blog\/wp-content\/uploads\/2025\/02\/przerzedzone-wlosy-choroby-skory-glowy-432x227.jpg 432w\" sizes=\"auto, (max-width: 1200px) 100vw, 1200px\" \/><\/p>\n<h2><span class=\"ez-toc-section\" id=\"Przyczyny_problemow_z_wlosami_i_skora_glowy\"><\/span><strong>Przyczyny problem\u00f3w z w\u0142osami i sk\u00f3r\u0105 g\u0142owy<\/strong><span class=\"ez-toc-section-end\"><\/span><\/h2>\n<p style=\"text-align: justify;\"><span style=\"font-weight: 400;\">Masz problem z w\u0142osami lub sk\u00f3r\u0105 g\u0142owy? Cz\u0119sto win\u0119 za to ponosz\u0105 czynniki, na kt\u00f3re mo\u017cesz mie\u0107 wp\u0142yw. Nieodpowiednia piel\u0119gnacja, niedobory sk\u0142adnik\u00f3w od\u017cywczych, stres \u2013 to tylko kilka z mo\u017cliwych powod\u00f3w. Warto pozna\u0107 najcz\u0119stsze przyczyny, aby skutecznie zapobiega\u0107 problemom i zadba\u0107 o zdrowie sk\u00f3ry g\u0142owy.<\/span><\/p>\n<p style=\"text-align: justify;\"><b>Czynniki zewn\u0119trzne<\/b><\/p>\n<ul style=\"text-align: justify;\">\n<li style=\"font-weight: 400;\" aria-level=\"1\"><b>Niew\u0142a\u015bciwa piel\u0119gnacja<\/b><span style=\"font-weight: 400;\"> \u2013 kosmetyki o agresywnym sk\u0142adzie, nadmierne u\u017cywanie produkt\u00f3w do stylizacji czy brak regularnego oczyszczania sk\u00f3ry g\u0142owy mog\u0105 prowadzi\u0107 do podra\u017cnie\u0144 i zaburze\u0144 jej funkcjonowania.<\/span><\/li>\n<li style=\"font-weight: 400;\" aria-level=\"1\"><b>Wp\u0142yw \u015brodowiska<\/b><span style=\"font-weight: 400;\"> \u2013 zanieczyszczenia powietrza, promieniowanie UV i zmiany temperatury negatywnie wp\u0142ywaj\u0105 na sk\u00f3r\u0119 g\u0142owy, os\u0142abiaj\u0105c jej barier\u0119 ochronn\u0105.<\/span><\/li>\n<\/ul>\n<p style=\"text-align: justify;\"><b>Czynniki wewn\u0119trzne<\/b><\/p>\n<ul style=\"text-align: justify;\">\n<li style=\"font-weight: 400;\" aria-level=\"1\"><b>Zaburzenia hormonalne<\/b><span style=\"font-weight: 400;\"> \u2013 nieprawid\u0142owo\u015bci w poziomie hormon\u00f3w, takie jak nadmiar androgen\u00f3w, mog\u0105 prowadzi\u0107 do \u0142ysienia androgenowego lub nadprodukcji sebum.<\/span><\/li>\n<li style=\"font-weight: 400;\" aria-level=\"1\"><b>Niedobory sk\u0142adnik\u00f3w od\u017cywczych<\/b><span style=\"font-weight: 400;\"> \u2013 brak witamin i minera\u0142\u00f3w, takich jak biotyna, cynk czy \u017celazo, os\u0142abia mieszki w\u0142osowe i pogarsza kondycj\u0119 sk\u00f3ry g\u0142owy.<\/span><\/li>\n<li style=\"font-weight: 400;\" aria-level=\"1\"><b>Choroby og\u00f3lnoustrojowe<\/b><span style=\"font-weight: 400;\"> \u2013 problemy takie jak cukrzyca, choroby tarczycy czy infekcje mog\u0105 odbija\u0107 si\u0119 na zdrowiu sk\u00f3ry i w\u0142os\u00f3w.<\/span><\/li>\n<\/ul>\n<p style=\"text-align: justify;\"><b>Styl \u017cycia<\/b><\/p>\n<ul>\n<li style=\"font-weight: 400; text-align: justify;\" aria-level=\"1\"><b>Stres<\/b><span style=\"font-weight: 400;\"> \u2013 przewlek\u0142y stres os\u0142abia organizm, co mo\u017ce prowadzi\u0107 do nadmiernego wypadania w\u0142os\u00f3w i problem\u00f3w sk\u00f3rnych.<\/span><\/li>\n<li style=\"font-weight: 400; text-align: justify;\" aria-level=\"1\"><b>Niew\u0142a\u015bciwa dieta<\/b><span style=\"font-weight: 400;\"> \u2013 dieta bogata w przetworzon\u0105 \u017cywno\u015b\u0107 i uboga w sk\u0142adniki od\u017cywcze sprzyja rozwojowi problem\u00f3w dermatologicznych.<\/span><\/li>\n<\/ul>\n<h2><span class=\"ez-toc-section\" id=\"Jak_rozpoznac_objawy_chorob_skory_glowy\"><\/span><strong>Jak rozpozna\u0107 objawy chor\u00f3b sk\u00f3ry g\u0142owy?<\/strong><span class=\"ez-toc-section-end\"><\/span><\/h2>\n<p style=\"text-align: justify;\"><span style=\"font-weight: 400;\">Problemy z w\u0142osami i sk\u00f3r\u0105 g\u0142owy cz\u0119sto zaczynaj\u0105 si\u0119 od subtelnych zmian, kt\u00f3re \u0142atwo przeoczy\u0107. \u015awi\u0105d, zaczerwienienie czy nadmierne wypadanie w\u0142os\u00f3w mog\u0105 wydawa\u0107 si\u0119 chwilowe, ale bywaj\u0105 sygna\u0142em rozwijaj\u0105cych si\u0119 schorze\u0144. Im wcze\u015bniej zauwa\u017cysz objawy, tym \u0142atwiej b\u0119dzie skutecznie zareagowa\u0107.<\/span><\/p>\n<p style=\"text-align: justify;\"><b>Do najcz\u0119stszych objaw\u00f3w nale\u017c\u0105:<\/b><\/p>\n<ul style=\"text-align: justify;\">\n<li style=\"font-weight: 400;\" aria-level=\"1\"><b>\u0141uszczenie si\u0119 sk\u00f3ry<\/b><span style=\"font-weight: 400;\"> \u2013 cz\u0119sto jest pierwszym objawem \u0142upie\u017cu, \u0142uszczycy lub grzybicy. Mo\u017ce przybiera\u0107 form\u0119 suchych bia\u0142ych p\u0142atk\u00f3w lub t\u0142ustych, \u017c\u00f3\u0142tawych \u0142usek.<\/span><\/li>\n<li style=\"font-weight: 400;\" aria-level=\"1\"><b>Sw\u0119dzenie i pieczenie<\/b><span style=\"font-weight: 400;\"> \u2013 uporczywy \u015bwi\u0105d mo\u017ce wskazywa\u0107 na obecno\u015b\u0107 wszy, grzybic\u0119 lub reakcj\u0119 alergiczn\u0105 na kosmetyki.<\/span><\/li>\n<li style=\"font-weight: 400;\" aria-level=\"1\"><b>Zaczerwienienie i podra\u017cnienie<\/b><span style=\"font-weight: 400;\"> \u2013 mog\u0105 by\u0107 oznak\u0105 \u0142ojotokowego zapalenia sk\u00f3ry lub egzemy.<\/span><\/li>\n<li style=\"font-weight: 400;\" aria-level=\"1\"><b>Wypadanie w\u0142os\u00f3w<\/b><span style=\"font-weight: 400;\"> \u2013 je\u015bli zauwa\u017cysz, \u017ce w\u0142osy wypadaj\u0105 w wi\u0119kszej ilo\u015bci ni\u017c zwykle, przyczyn\u0105 mo\u017ce by\u0107 \u0142ysienie androgenowe, \u0142ysienie plackowate lub \u0142ysienie telogenowe.<\/span><\/li>\n<li style=\"font-weight: 400;\" aria-level=\"1\"><b>Zmiany w strukturze w\u0142os\u00f3w<\/b><span style=\"font-weight: 400;\"> \u2013 \u0142amliwo\u015b\u0107 lub przerzedzenie w\u0142os\u00f3w mog\u0105 \u015bwiadczy\u0107 o niedoborach sk\u0142adnik\u00f3w od\u017cywczych lub infekcjach sk\u00f3ry g\u0142owy.<\/span><\/li>\n<\/ul>\n<p style=\"text-align: justify;\"><span style=\"font-weight: 400;\">Regularnie kontroluj stan sk\u00f3ry g\u0142owy i w\u0142os\u00f3w. Zwracaj uwag\u0119 na zmiany, takie jak zwi\u0119kszone \u0142uszczenie, zaczerwienienia czy obszary pozbawione w\u0142os\u00f3w. Je\u015bli objawy nie ust\u0119puj\u0105 po zmianie kosmetyk\u00f3w lub poprawie piel\u0119gnacji, warto skonsultowa\u0107 si\u0119 z dermatologiem.<\/span><\/p>\n<p><img loading=\"lazy\" decoding=\"async\" class=\"aligncenter wp-image-7621 size-full\" src=\"https:\/\/biozdrowy.pl\/blog\/wp-content\/uploads\/2025\/02\/problemy-z-wlosami-i-skora-glowy-przyczyny.jpg\" alt=\"Problemy z w\u0142osami i sk\u00f3r\u0105 g\u0142owy - przyczyny - infografika\" width=\"940\" height=\"700\" srcset=\"https:\/\/biozdrowy.pl\/blog\/wp-content\/uploads\/2025\/02\/problemy-z-wlosami-i-skora-glowy-przyczyny.jpg 940w, https:\/\/biozdrowy.pl\/blog\/wp-content\/uploads\/2025\/02\/problemy-z-wlosami-i-skora-glowy-przyczyny-300x223.jpg 300w, https:\/\/biozdrowy.pl\/blog\/wp-content\/uploads\/2025\/02\/problemy-z-wlosami-i-skora-glowy-przyczyny-768x572.jpg 768w, https:\/\/biozdrowy.pl\/blog\/wp-content\/uploads\/2025\/02\/problemy-z-wlosami-i-skora-glowy-przyczyny-432x322.jpg 432w\" sizes=\"auto, (max-width: 940px) 100vw, 940px\" \/><\/p>\n<h2><span class=\"ez-toc-section\" id=\"Jak_leczyc_choroby_skory_glowy\"><\/span><strong>Jak leczy\u0107 choroby sk\u00f3ry g\u0142owy?<\/strong><span class=\"ez-toc-section-end\"><\/span><\/h2>\n<p style=\"text-align: justify;\"><span style=\"font-weight: 400;\">Leczenie chor\u00f3b sk\u00f3ry g\u0142owy wymaga przede wszystkim odpowiedniej diagnozy. Rozpoznanie \u017ar\u00f3d\u0142a problemu pozwala dobra\u0107 skuteczn\u0105 terapi\u0119. <strong>W wielu przypadkach pierwszym krokiem jest zmiana codziennej piel\u0119gnacji.<\/strong> Stosowanie delikatnych szampon\u00f3w i preparat\u00f3w przeznaczonych do konkretnego typu sk\u00f3ry mo\u017ce poprawi\u0107 jej kondycj\u0119. Wa\u017cne jest te\u017c unikanie agresywnych kosmetyk\u00f3w, kt\u00f3re mog\u0105 nasila\u0107 podra\u017cnienia.<\/span><\/p>\n<p style=\"text-align: justify;\"><span style=\"font-weight: 400;\">Niekt\u00f3re choroby sk\u00f3ry g\u0142owy wymagaj\u0105 zastosowania specjalistycznych produkt\u00f3w leczniczych. Szampony z substancjami przeciwgrzybiczymi, takimi jak ketokonazol, pirytionian cynku czy siarczek selenu, pomagaj\u0105 zwalczy\u0107 infekcje i reguluj\u0105 nadmiar sebum. W przypadku zmian zapalnych lekarze cz\u0119sto zalecaj\u0105 preparaty na recept\u0119, takie jak ma\u015bci czy p\u0142yny przeciwzapalne.<\/span><\/p>\n<p style=\"text-align: justify;\"><span style=\"font-weight: 400;\"><strong>Gdy choroba ma ci\u0119\u017cszy przebieg, niezb\u0119dna mo\u017ce by\u0107 terapia doustna.<\/strong> Leki przeciwgrzybicze, antybiotyki czy preparaty immunosupresyjne s\u0105 stosowane pod nadzorem specjalisty i pomagaj\u0105 kontrolowa\u0107 przewlek\u0142e lub zaawansowane schorzenia.<\/span><\/p>\n<p style=\"text-align: justify;\"><span style=\"font-weight: 400;\">Jak jeszcze mo\u017cesz wspiera\u0107 leczenie w\u0142os\u00f3w i sk\u00f3ry g\u0142owy? Zbilansowany jad\u0142ospis bogaty w witaminy i minera\u0142y wzmacnia mieszki w\u0142osowe i wspomaga regeneracj\u0119 sk\u00f3ry. Redukcja stresu to kolejny wa\u017cny krok, poniewa\u017c napi\u0119cie nerwowe cz\u0119sto nasila problemy dermatologiczne.<\/span><\/p>\n<p style=\"text-align: justify;\"><span style=\"font-weight: 400;\">Regularne wizyty u dermatologa pozwalaj\u0105 oceni\u0107 post\u0119py leczenia i w razie potrzeby wprowadzi\u0107 odpowiednie zmiany. Unikaj samodzielnego testowania nieznanych produkt\u00f3w, kt\u00f3re mog\u0105 pogorszy\u0107 stan sk\u00f3ry.<\/span><\/p>\n<h2><span class=\"ez-toc-section\" id=\"Badania_nad_chorobami_wlosow_i_skory_glowy\"><\/span><strong>Badania nad chorobami w\u0142os\u00f3w i sk\u00f3ry g\u0142owy<\/strong><span class=\"ez-toc-section-end\"><\/span><\/h2>\n<p style=\"text-align: justify;\">Na g\u0142owie cz\u0142owieka znajduje si\u0119 \u015brednio 100 000 mieszk\u00f3w w\u0142osowych. W ci\u0105gu \u017cycia z ka\u017cdego z nich w\u0142os wyrasta i wypada oko\u0142o 20 razy, co oznacza codzienn\u0105 utrat\u0119 oko\u0142o 100 w\u0142os\u00f3w. <strong>Nadmierne wypadanie w\u0142os\u00f3w, w tym \u0142ysienie androgenowe i plackowate, jest uci\u0105\u017cliwym problemem<\/strong> zar\u00f3wno dla m\u0119\u017cczyzn, jak i kobiet, zw\u0142aszcza we wsp\u00f3\u0142czesnym spo\u0142ecze\u0144stwie. Dlatego badacze intensywnie poszukuj\u0105 nowych, skutecznych terapii zapobiegaj\u0105cych utracie w\u0142os\u00f3w i wspieraj\u0105cych ich odrost. W literaturze naukowej mo\u017cna znale\u017a\u0107 liczne dowody na prozdrowotne dzia\u0142anie substancji pochodzenia naturalnego, co przyczynia si\u0119 do rosn\u0105cej popularno\u015bci medycyny alternatywnej [1].<\/p>\n<p style=\"text-align: justify;\">Jednym z najcz\u0119stszych typ\u00f3w \u0142ysienia jest \u0142ysienie androgenowe. Cho\u0107 istniej\u0105 farmakologiczne metody jego leczenia, wci\u0105\u017c poszukuje si\u0119 ro\u015blinnych substancji o por\u00f3wnywalnym lub wy\u017cszym potencjale terapeutycznym. Obecnie prowadzone s\u0105 liczne badania nad skuteczno\u015bci\u0105 zwi\u0105zk\u00f3w zio\u0142owych, a szczeg\u00f3ln\u0105 popularno\u015b\u0107 zyska\u0142 ostatnio olejek rozmarynowy jako obiecuj\u0105ca naturalna alternatywa [2].<\/p>\n<p style=\"text-align: justify;\">Olejek rozmarynowy to dobrze przebadana substancja o silnych w\u0142a\u015bciwo\u015bciach antyoksydacyjnych i przeciwzapalnych. Zawarte w nim zwi\u0105zki bioaktywne hamuj\u0105 produkcj\u0119 tlenku azotu i powstawanie reaktywnych form tlenu, co jest istotne w leczeniu \u0142ysienia androgenowego, gdzie dochodzi do zapalenia mieszk\u00f3w w\u0142osowych. Ponadto wykazuje on dzia\u0142anie antyandrogenne, neutralizuj\u0105c g\u0142\u00f3wn\u0105 przyczyn\u0119 schorzenia. Skuteczno\u015b\u0107 olejku rozmarynowego potwierdzono tak\u017ce w badaniach klinicznych, kt\u00f3re wykaza\u0142y por\u00f3wnywalne efekty do konwencjonalnych terapii, g\u0142\u00f3wnie dzi\u0119ki poprawie unaczynienia sk\u00f3ry, kr\u0105\u017cenia krwi i regeneracji mieszk\u00f3w w\u0142osowych [3,4,5].<\/p>\n<h2><span class=\"ez-toc-section\" id=\"FAQ\"><\/span><strong>FAQ<\/strong><span class=\"ez-toc-section-end\"><\/span><\/h2>\n<p><img loading=\"lazy\" decoding=\"async\" class=\"aligncenter wp-image-7622 size-full\" src=\"https:\/\/biozdrowy.pl\/blog\/wp-content\/uploads\/2025\/02\/choroby-wlosow-i-skory-glowy-faq.jpg\" alt=\"Choroby w\u0142os\u00f3w i sk\u00f3ry g\u0142owy FAQ - obrazek pogl\u0105dowy\" width=\"1200\" height=\"250\" srcset=\"https:\/\/biozdrowy.pl\/blog\/wp-content\/uploads\/2025\/02\/choroby-wlosow-i-skory-glowy-faq.jpg 1200w, https:\/\/biozdrowy.pl\/blog\/wp-content\/uploads\/2025\/02\/choroby-wlosow-i-skory-glowy-faq-300x63.jpg 300w, https:\/\/biozdrowy.pl\/blog\/wp-content\/uploads\/2025\/02\/choroby-wlosow-i-skory-glowy-faq-1024x213.jpg 1024w, https:\/\/biozdrowy.pl\/blog\/wp-content\/uploads\/2025\/02\/choroby-wlosow-i-skory-glowy-faq-768x160.jpg 768w, https:\/\/biozdrowy.pl\/blog\/wp-content\/uploads\/2025\/02\/choroby-wlosow-i-skory-glowy-faq-432x90.jpg 432w\" sizes=\"auto, (max-width: 1200px) 100vw, 1200px\" \/><\/p>\n<h3><span class=\"ez-toc-section\" id=\"Dlaczego_skora_glowy_choruje\"><\/span><span style=\"font-weight: 400;\">Dlaczego sk\u00f3ra g\u0142owy choruje?<\/span><span class=\"ez-toc-section-end\"><\/span><\/h3>\n<p style=\"text-align: justify;\"><span style=\"font-weight: 400;\">Sk\u00f3ra g\u0142owy choruje z r\u00f3\u017cnych powod\u00f3w. Mo\u017ce to by\u0107 wynik niew\u0142a\u015bciwej piel\u0119gnacji, infekcji grzybiczych, zaburze\u0144 hormonalnych lub stresu. Niekt\u00f3re problemy s\u0105 te\u017c zwi\u0105zane z genetyk\u0105 lub reakcjami alergicznymi.<\/span><\/p>\n<h3><span class=\"ez-toc-section\" id=\"Jakie_sa_choroby_skory_glowy\"><\/span><span style=\"font-weight: 400;\">Jakie s\u0105 choroby sk\u00f3ry g\u0142owy?<\/span><span class=\"ez-toc-section-end\"><\/span><\/h3>\n<p style=\"text-align: justify;\"><span style=\"font-weight: 400;\">Do najcz\u0119stszych chor\u00f3b sk\u00f3ry g\u0142owy nale\u017c\u0105 \u0142upie\u017c, \u0142uszczyca, grzybica, \u0142ojotokowe zapalenie sk\u00f3ry, wszawica oraz egzema. Ka\u017cda z nich ma inne objawy i wymaga indywidualnego podej\u015bcia.<\/span><\/p>\n<h3><span class=\"ez-toc-section\" id=\"Jak_wyglada_stan_zapalny_skory_glowy\"><\/span><span style=\"font-weight: 400;\">Jak wygl\u0105da stan zapalny sk\u00f3ry g\u0142owy?<\/span><span class=\"ez-toc-section-end\"><\/span><\/h3>\n<p style=\"text-align: justify;\"><span style=\"font-weight: 400;\">Stan zapalny sk\u00f3ry g\u0142owy objawia si\u0119 zaczerwienieniem, obrz\u0119kiem i \u015bwi\u0105dem. Mo\u017ce wyst\u0119powa\u0107 \u0142uszczenie nask\u00f3rka, b\u00f3l lub krostki. W niekt\u00f3rych przypadkach pojawia si\u0119 tak\u017ce pieczenie lub nadmierne przet\u0142uszczanie si\u0119 sk\u00f3ry.<\/span><\/p>\n<h3><span class=\"ez-toc-section\" id=\"Co_zrobic_gdy_swedzi_skora_glowy\"><\/span><span style=\"font-weight: 400;\">Co zrobi\u0107, gdy sw\u0119dzi sk\u00f3ra g\u0142owy?<\/span><span class=\"ez-toc-section-end\"><\/span><\/h3>\n<p style=\"text-align: justify;\"><span style=\"font-weight: 400;\">Je\u015bli sk\u00f3ra g\u0142owy sw\u0119dzi, sprawd\u017a, czy nie u\u017cywasz kosmetyk\u00f3w, kt\u00f3re mog\u0105 j\u0105 podra\u017cnia\u0107. Mo\u017cesz wypr\u00f3bowa\u0107 delikatny szampon \u0142agodz\u0105cy podra\u017cnienia. Je\u015bli \u015bwi\u0105d nie ust\u0119puje, skonsultuj si\u0119 z dermatologiem, aby ustali\u0107 przyczyn\u0119.<\/span><\/p>\n<h3><span class=\"ez-toc-section\" id=\"Jak_zapobiegac_chorobom_skory_glowy\"><\/span><span style=\"font-weight: 400;\">Jak zapobiega\u0107 chorobom sk\u00f3ry g\u0142owy?<\/span><span class=\"ez-toc-section-end\"><\/span><\/h3>\n<p style=\"text-align: justify;\"><span style=\"font-weight: 400;\">Dbaj o regularn\u0105, ale delikatn\u0105 piel\u0119gnacj\u0119 sk\u00f3ry g\u0142owy. Unikaj kosmetyk\u00f3w z agresywnymi sk\u0142adnikami. Stosuj odpowiedni\u0105 diet\u0119 bogat\u0105 w witaminy i minera\u0142y. Pami\u0119taj te\u017c o redukcji stresu i higienie przedmiot\u00f3w maj\u0105cych kontakt z w\u0142osami, takich jak szczotki i r\u0119czniki.<\/span><\/p>\n<h2><span class=\"ez-toc-section\" id=\"Zobacz_takze\"><\/span>Zobacz tak\u017ce<span class=\"ez-toc-section-end\"><\/span><\/h2>\n<p><a href=\"https:\/\/biozdrowy.pl\/blog\/jak-wzmocnic-wlosy-po-lecie-regeneracja-wlosow-po-wakacjach\/\" target=\"_blank\" rel=\"noopener\">Jak wzmocni\u0107 w\u0142osy po lecie? Regeneracja w\u0142os\u00f3w po wakacjach<\/a><\/p>\n<p><a href=\"https:\/\/biozdrowy.pl\/blog\/jak-chronic-skore-i-wlosy-przed-sloncem\/\" target=\"_blank\" rel=\"noopener\">Jak chroni\u0107 sk\u00f3r\u0119 i w\u0142osy przed s\u0142o\u0144cem?<\/a><\/p>\n<h2><span class=\"ez-toc-section\" id=\"Bibliografia\"><\/span><strong>Bibliografia<\/strong><span class=\"ez-toc-section-end\"><\/span><\/h2>\n<ol>\n<li style=\"font-weight: 400; text-align: justify;\" aria-level=\"1\"><a href=\"https:\/\/pmc.ncbi.nlm.nih.gov\/articles\/PMC4371474\/\" target=\"_blank\" rel=\"noopener\"><span style=\"font-weight: 400;\">Shin K, Kim TS, Kyung J, Kim D, Park D, Choi EK, Lee SP, Yang WS, Kang MH, Kim YB. Effectiveness of the combinational treatment of Laminaria japonica and Cistanche tubulosa extracts in hair growth. Lab Anim Res. 2015 Mar;31(1):24-32.<\/span><\/a><\/li>\n<li style=\"font-weight: 400; text-align: justify;\" aria-level=\"1\"><a href=\"https:\/\/pmc.ncbi.nlm.nih.gov\/articles\/PMC11549889\/\" target=\"_blank\" rel=\"noopener\"><span style=\"font-weight: 400;\">Bin Rubaian NF, Alzamami HFA, Amir BA. An Overview of Commonly Used Natural Alternatives for the Treatment of Androgenetic Alopecia, with Special Emphasis on Rosemary Oil. Clin Cosmet Investig Dermatol. 2024 Nov 5;17:2495-2503.<\/span><\/a><\/li>\n<li style=\"font-weight: 400; text-align: justify;\" aria-level=\"1\"><a href=\"https:\/\/pmc.ncbi.nlm.nih.gov\/articles\/PMC5717783\/\" target=\"_blank\" rel=\"noopener\"><span style=\"font-weight: 400;\">Yimam M, Lee YC, Jiao P, Hong M, Brownell L, Jia Q. A Standardized Composition Comprised of Extracts from <\/span><i><span style=\"font-weight: 400;\">Rosmarinus officinalis<\/span><\/i><span style=\"font-weight: 400;\">, <\/span><i><span style=\"font-weight: 400;\">Annona squamosa<\/span><\/i><span style=\"font-weight: 400;\"> and <\/span><i><span style=\"font-weight: 400;\">Zanthoxylum clava-herculis<\/span><\/i><span style=\"font-weight: 400;\"> for Cellulite. Pharmacognosy Res. 2017 Oct-Dec;9(4):319-324.\u00a0<\/span><\/a><\/li>\n<li style=\"font-weight: 400; text-align: justify;\" aria-level=\"1\"><a href=\"https:\/\/pubmed.ncbi.nlm.nih.gov\/30815439\/\" target=\"_blank\" rel=\"noopener\"><span style=\"font-weight: 400;\">Hosking AM, Juhasz M, Atanaskova Mesinkovska N. Complementary and Alternative Treatments for Alopecia: A Comprehensive Review. Skin Appendage Disord. 2019 Feb;5(2):72-89.\u00a0<\/span><\/a><\/li>\n<li style=\"font-weight: 400; text-align: justify;\" aria-level=\"1\"><a href=\"https:\/\/pubmed.ncbi.nlm.nih.gov\/25842469\/\" target=\"_blank\" rel=\"noopener\"><span style=\"font-weight: 400;\">Panahi Y, Taghizadeh M, Marzony ET, Sahebkar A. Rosemary oil vs minoxidil 2% for the treatment of androgenetic alopecia: a randomized comparative trial. Skinmed. 2015 Jan-Feb;13(1):15-21.\u00a0<\/span><\/a><\/li>\n<\/ol>\n","protected":false},"excerpt":{"rendered":"<p>Czy masz wra\u017cenie, \u017ce Twoje w\u0142osy s\u0105 coraz s\u0142absze, a sk\u00f3ra g\u0142owy coraz bardziej wymagaj\u0105ca? Zastanawiasz si\u0119, czy to tylko chwilowy problem, czy mo\u017ce objaw powa\u017cniejszych problem\u00f3w zdrowotnych? \u0141upie\u017c, \u0142uszczyca,&#8230;<\/p>\n","protected":false},"author":12,"featured_media":7624,"comment_status":"open","ping_status":"open","sticky":false,"template":"","format":"standard","meta":{"footnotes":""},"categories":[34,37],"tags":[],"class_list":["post-5291","post","type-post","status-publish","format-standard","has-post-thumbnail","hentry","category-styl-zycia","category-zdrowie-i-uroda","article","has-background","has-excerpt","has-avatar","has-author","has-date","has-comment-count","has-category-meta","has-read-more","has-post-media","thumbnail-"],"yoast_head":"<!-- This site is optimized with the Yoast SEO plugin v27.4 - https:\/\/yoast.com\/product\/yoast-seo-wordpress\/ -->\n<title>Choroby w\u0142os\u00f3w i sk\u00f3ry g\u0142owy \u2013 jak je rozpozna\u0107 i leczy\u0107? | Blog<\/title>\n<meta name=\"description\" content=\"Masz problemy z w\u0142osami? Sprawd\u017a, jakie choroby w\u0142os\u00f3w i sk\u00f3ry g\u0142owy mog\u0105 by\u0107 przyczyn\u0105 i jak je skutecznie leczy\u0107.\" \/>\n<meta name=\"robots\" content=\"index, follow, max-snippet:-1, max-image-preview:large, max-video-preview:-1\" \/>\n<link rel=\"canonical\" href=\"https:\/\/biozdrowy.pl\/blog\/najczestsze-choroby-wlosow-i-skory-glowy\/\" \/>\n<meta property=\"og:locale\" content=\"pl_PL\" \/>\n<meta property=\"og:type\" content=\"article\" \/>\n<meta property=\"og:title\" content=\"Choroby w\u0142os\u00f3w i sk\u00f3ry g\u0142owy \u2013 jak je rozpozna\u0107 i leczy\u0107? | Blog\" \/>\n<meta property=\"og:description\" content=\"Masz problemy z w\u0142osami? Sprawd\u017a, jakie choroby w\u0142os\u00f3w i sk\u00f3ry g\u0142owy mog\u0105 by\u0107 przyczyn\u0105 i jak je skutecznie leczy\u0107.\" \/>\n<meta property=\"og:url\" content=\"https:\/\/biozdrowy.pl\/blog\/najczestsze-choroby-wlosow-i-skory-glowy\/\" \/>\n<meta property=\"og:site_name\" content=\"Strefa Wiedzy Biozdrowy\" \/>\n<meta property=\"article:published_time\" content=\"2025-02-23T08:00:13+00:00\" \/>\n<meta property=\"article:modified_time\" content=\"2025-11-28T18:12:03+00:00\" \/>\n<meta property=\"og:image\" content=\"https:\/\/biozdrowy.pl\/blog\/wp-content\/uploads\/2025\/02\/najczestsze-choroby-wlosow-i-skory-glowy-jak-je-rozpoznac-i-leczyc.jpg\" \/>\n\t<meta property=\"og:image:width\" content=\"1200\" \/>\n\t<meta property=\"og:image:height\" content=\"630\" \/>\n\t<meta property=\"og:image:type\" content=\"image\/jpeg\" \/>\n<meta name=\"author\" content=\"Edyta Go\u0142a\u015b\" \/>\n<meta name=\"twitter:card\" content=\"summary_large_image\" \/>\n<meta name=\"twitter:label1\" content=\"Napisane przez\" \/>\n\t<meta name=\"twitter:data1\" content=\"Edyta Go\u0142a\u015b\" \/>\n\t<meta name=\"twitter:label2\" content=\"Szacowany czas czytania\" \/>\n\t<meta name=\"twitter:data2\" content=\"14 minut\" \/>\n<script type=\"application\/ld+json\" class=\"yoast-schema-graph\">{\"@context\":\"https:\\\/\\\/schema.org\",\"@graph\":[{\"@type\":\"Article\",\"@id\":\"https:\\\/\\\/biozdrowy.pl\\\/blog\\\/najczestsze-choroby-wlosow-i-skory-glowy\\\/#article\",\"isPartOf\":{\"@id\":\"https:\\\/\\\/biozdrowy.pl\\\/blog\\\/najczestsze-choroby-wlosow-i-skory-glowy\\\/\"},\"author\":{\"name\":\"Edyta Go\u0142a\u015b\",\"@id\":\"https:\\\/\\\/biozdrowy.pl\\\/blog\\\/#\\\/schema\\\/person\\\/140a327719b6ca42d88fd4b1865f0385\"},\"headline\":\"Najcz\u0119stsze choroby w\u0142os\u00f3w i sk\u00f3ry g\u0142owy &#8211; jak je rozpozna\u0107 i leczy\u0107?\",\"datePublished\":\"2025-02-23T08:00:13+00:00\",\"dateModified\":\"2025-11-28T18:12:03+00:00\",\"mainEntityOfPage\":{\"@id\":\"https:\\\/\\\/biozdrowy.pl\\\/blog\\\/najczestsze-choroby-wlosow-i-skory-glowy\\\/\"},\"wordCount\":2752,\"commentCount\":0,\"publisher\":{\"@id\":\"https:\\\/\\\/biozdrowy.pl\\\/blog\\\/#organization\"},\"image\":{\"@id\":\"https:\\\/\\\/biozdrowy.pl\\\/blog\\\/najczestsze-choroby-wlosow-i-skory-glowy\\\/#primaryimage\"},\"thumbnailUrl\":\"https:\\\/\\\/biozdrowy.pl\\\/blog\\\/wp-content\\\/uploads\\\/2025\\\/02\\\/najczestsze-choroby-wlosow-i-skory-glowy-jak-je-rozpoznac-i-leczyc.jpg\",\"articleSection\":[\"Styl \u017cycia\",\"Zdrowie i uroda\"],\"inLanguage\":\"pl-PL\",\"potentialAction\":[{\"@type\":\"CommentAction\",\"name\":\"Comment\",\"target\":[\"https:\\\/\\\/biozdrowy.pl\\\/blog\\\/najczestsze-choroby-wlosow-i-skory-glowy\\\/#respond\"]}]},{\"@type\":\"WebPage\",\"@id\":\"https:\\\/\\\/biozdrowy.pl\\\/blog\\\/najczestsze-choroby-wlosow-i-skory-glowy\\\/\",\"url\":\"https:\\\/\\\/biozdrowy.pl\\\/blog\\\/najczestsze-choroby-wlosow-i-skory-glowy\\\/\",\"name\":\"Choroby w\u0142os\u00f3w i sk\u00f3ry g\u0142owy \u2013 jak je rozpozna\u0107 i leczy\u0107? | Blog\",\"isPartOf\":{\"@id\":\"https:\\\/\\\/biozdrowy.pl\\\/blog\\\/#website\"},\"primaryImageOfPage\":{\"@id\":\"https:\\\/\\\/biozdrowy.pl\\\/blog\\\/najczestsze-choroby-wlosow-i-skory-glowy\\\/#primaryimage\"},\"image\":{\"@id\":\"https:\\\/\\\/biozdrowy.pl\\\/blog\\\/najczestsze-choroby-wlosow-i-skory-glowy\\\/#primaryimage\"},\"thumbnailUrl\":\"https:\\\/\\\/biozdrowy.pl\\\/blog\\\/wp-content\\\/uploads\\\/2025\\\/02\\\/najczestsze-choroby-wlosow-i-skory-glowy-jak-je-rozpoznac-i-leczyc.jpg\",\"datePublished\":\"2025-02-23T08:00:13+00:00\",\"dateModified\":\"2025-11-28T18:12:03+00:00\",\"description\":\"Masz problemy z w\u0142osami? Sprawd\u017a, jakie choroby w\u0142os\u00f3w i sk\u00f3ry g\u0142owy mog\u0105 by\u0107 przyczyn\u0105 i jak je skutecznie leczy\u0107.\",\"breadcrumb\":{\"@id\":\"https:\\\/\\\/biozdrowy.pl\\\/blog\\\/najczestsze-choroby-wlosow-i-skory-glowy\\\/#breadcrumb\"},\"inLanguage\":\"pl-PL\",\"potentialAction\":[{\"@type\":\"ReadAction\",\"target\":[\"https:\\\/\\\/biozdrowy.pl\\\/blog\\\/najczestsze-choroby-wlosow-i-skory-glowy\\\/\"]}]},{\"@type\":\"ImageObject\",\"inLanguage\":\"pl-PL\",\"@id\":\"https:\\\/\\\/biozdrowy.pl\\\/blog\\\/najczestsze-choroby-wlosow-i-skory-glowy\\\/#primaryimage\",\"url\":\"https:\\\/\\\/biozdrowy.pl\\\/blog\\\/wp-content\\\/uploads\\\/2025\\\/02\\\/najczestsze-choroby-wlosow-i-skory-glowy-jak-je-rozpoznac-i-leczyc.jpg\",\"contentUrl\":\"https:\\\/\\\/biozdrowy.pl\\\/blog\\\/wp-content\\\/uploads\\\/2025\\\/02\\\/najczestsze-choroby-wlosow-i-skory-glowy-jak-je-rozpoznac-i-leczyc.jpg\",\"width\":1200,\"height\":630,\"caption\":\"Najcz\u0119stsze choroby w\u0142os\u00f3w i sk\u00f3ry g\u0142owy \u2013 jak je rozpozna\u0107 i leczy\u0107 - obrazek wyr\u00f3\u017cnij\u0105cy\"},{\"@type\":\"BreadcrumbList\",\"@id\":\"https:\\\/\\\/biozdrowy.pl\\\/blog\\\/najczestsze-choroby-wlosow-i-skory-glowy\\\/#breadcrumb\",\"itemListElement\":[{\"@type\":\"ListItem\",\"position\":1,\"name\":\"Strona g\u0142\u00f3wna\",\"item\":\"https:\\\/\\\/biozdrowy.pl\\\/blog\\\/\"},{\"@type\":\"ListItem\",\"position\":2,\"name\":\"Najcz\u0119stsze choroby w\u0142os\u00f3w i sk\u00f3ry g\u0142owy &#8211; jak je rozpozna\u0107 i leczy\u0107?\"}]},{\"@type\":\"WebSite\",\"@id\":\"https:\\\/\\\/biozdrowy.pl\\\/blog\\\/#website\",\"url\":\"https:\\\/\\\/biozdrowy.pl\\\/blog\\\/\",\"name\":\"Strefa Wiedzy Biozdrowy\",\"description\":\"\",\"publisher\":{\"@id\":\"https:\\\/\\\/biozdrowy.pl\\\/blog\\\/#organization\"},\"potentialAction\":[{\"@type\":\"SearchAction\",\"target\":{\"@type\":\"EntryPoint\",\"urlTemplate\":\"https:\\\/\\\/biozdrowy.pl\\\/blog\\\/?s={search_term_string}\"},\"query-input\":{\"@type\":\"PropertyValueSpecification\",\"valueRequired\":true,\"valueName\":\"search_term_string\"}}],\"inLanguage\":\"pl-PL\"},{\"@type\":\"Organization\",\"@id\":\"https:\\\/\\\/biozdrowy.pl\\\/blog\\\/#organization\",\"name\":\"Biozdrowy\",\"url\":\"https:\\\/\\\/biozdrowy.pl\\\/blog\\\/\",\"logo\":{\"@type\":\"ImageObject\",\"inLanguage\":\"pl-PL\",\"@id\":\"https:\\\/\\\/biozdrowy.pl\\\/blog\\\/#\\\/schema\\\/logo\\\/image\\\/\",\"url\":\"https:\\\/\\\/biozdrowy.pl\\\/blog\\\/wp-content\\\/uploads\\\/2023\\\/10\\\/cropped-Strefa_wiedzy_logo_final.png\",\"contentUrl\":\"https:\\\/\\\/biozdrowy.pl\\\/blog\\\/wp-content\\\/uploads\\\/2023\\\/10\\\/cropped-Strefa_wiedzy_logo_final.png\",\"width\":7118,\"height\":1514,\"caption\":\"Biozdrowy\"},\"image\":{\"@id\":\"https:\\\/\\\/biozdrowy.pl\\\/blog\\\/#\\\/schema\\\/logo\\\/image\\\/\"}},{\"@type\":\"Person\",\"@id\":\"https:\\\/\\\/biozdrowy.pl\\\/blog\\\/#\\\/schema\\\/person\\\/140a327719b6ca42d88fd4b1865f0385\",\"name\":\"Edyta Go\u0142a\u015b\",\"image\":{\"@type\":\"ImageObject\",\"inLanguage\":\"pl-PL\",\"@id\":\"https:\\\/\\\/secure.gravatar.com\\\/avatar\\\/1bfc8ccd4349eca95ec0dda9d88fa762c39bcd4fb3ecae0287f1bdcaa1af6131?s=96&d=mm&r=g\",\"url\":\"https:\\\/\\\/secure.gravatar.com\\\/avatar\\\/1bfc8ccd4349eca95ec0dda9d88fa762c39bcd4fb3ecae0287f1bdcaa1af6131?s=96&d=mm&r=g\",\"contentUrl\":\"https:\\\/\\\/secure.gravatar.com\\\/avatar\\\/1bfc8ccd4349eca95ec0dda9d88fa762c39bcd4fb3ecae0287f1bdcaa1af6131?s=96&d=mm&r=g\",\"caption\":\"Edyta Go\u0142a\u015b\"},\"description\":\"Magister kosmetologii Jej pasj\u0105 jest rozk\u0142adanie problem\u00f3w sk\u00f3rnych na czynniki pierwsze tak, aby odnale\u017a\u0107 ich prawdziw\u0105 przyczyn\u0119. W swojej pracy kieruje si\u0119 nurtem holistycznym, dzi\u0119ki czemu potrafi pom\u00f3c skutecznie zadba\u0107 o zdrowie nawet najbardziej wymagaj\u0105cej sk\u00f3ry.\",\"url\":\"https:\\\/\\\/biozdrowy.pl\\\/blog\\\/author\\\/edytagolas\\\/\"}]}<\/script>\n<!-- \/ Yoast SEO plugin. -->","yoast_head_json":{"title":"Choroby w\u0142os\u00f3w i sk\u00f3ry g\u0142owy \u2013 jak je rozpozna\u0107 i leczy\u0107? | Blog","description":"Masz problemy z w\u0142osami? Sprawd\u017a, jakie choroby w\u0142os\u00f3w i sk\u00f3ry g\u0142owy mog\u0105 by\u0107 przyczyn\u0105 i jak je skutecznie leczy\u0107.","robots":{"index":"index","follow":"follow","max-snippet":"max-snippet:-1","max-image-preview":"max-image-preview:large","max-video-preview":"max-video-preview:-1"},"canonical":"https:\/\/biozdrowy.pl\/blog\/najczestsze-choroby-wlosow-i-skory-glowy\/","og_locale":"pl_PL","og_type":"article","og_title":"Choroby w\u0142os\u00f3w i sk\u00f3ry g\u0142owy \u2013 jak je rozpozna\u0107 i leczy\u0107? | Blog","og_description":"Masz problemy z w\u0142osami? Sprawd\u017a, jakie choroby w\u0142os\u00f3w i sk\u00f3ry g\u0142owy mog\u0105 by\u0107 przyczyn\u0105 i jak je skutecznie leczy\u0107.","og_url":"https:\/\/biozdrowy.pl\/blog\/najczestsze-choroby-wlosow-i-skory-glowy\/","og_site_name":"Strefa Wiedzy Biozdrowy","article_published_time":"2025-02-23T08:00:13+00:00","article_modified_time":"2025-11-28T18:12:03+00:00","og_image":[{"width":1200,"height":630,"url":"https:\/\/biozdrowy.pl\/blog\/wp-content\/uploads\/2025\/02\/najczestsze-choroby-wlosow-i-skory-glowy-jak-je-rozpoznac-i-leczyc.jpg","type":"image\/jpeg"}],"author":"Edyta Go\u0142a\u015b","twitter_card":"summary_large_image","twitter_misc":{"Napisane przez":"Edyta Go\u0142a\u015b","Szacowany czas czytania":"14 minut"},"schema":{"@context":"https:\/\/schema.org","@graph":[{"@type":"Article","@id":"https:\/\/biozdrowy.pl\/blog\/najczestsze-choroby-wlosow-i-skory-glowy\/#article","isPartOf":{"@id":"https:\/\/biozdrowy.pl\/blog\/najczestsze-choroby-wlosow-i-skory-glowy\/"},"author":{"name":"Edyta Go\u0142a\u015b","@id":"https:\/\/biozdrowy.pl\/blog\/#\/schema\/person\/140a327719b6ca42d88fd4b1865f0385"},"headline":"Najcz\u0119stsze choroby w\u0142os\u00f3w i sk\u00f3ry g\u0142owy &#8211; jak je rozpozna\u0107 i leczy\u0107?","datePublished":"2025-02-23T08:00:13+00:00","dateModified":"2025-11-28T18:12:03+00:00","mainEntityOfPage":{"@id":"https:\/\/biozdrowy.pl\/blog\/najczestsze-choroby-wlosow-i-skory-glowy\/"},"wordCount":2752,"commentCount":0,"publisher":{"@id":"https:\/\/biozdrowy.pl\/blog\/#organization"},"image":{"@id":"https:\/\/biozdrowy.pl\/blog\/najczestsze-choroby-wlosow-i-skory-glowy\/#primaryimage"},"thumbnailUrl":"https:\/\/biozdrowy.pl\/blog\/wp-content\/uploads\/2025\/02\/najczestsze-choroby-wlosow-i-skory-glowy-jak-je-rozpoznac-i-leczyc.jpg","articleSection":["Styl \u017cycia","Zdrowie i uroda"],"inLanguage":"pl-PL","potentialAction":[{"@type":"CommentAction","name":"Comment","target":["https:\/\/biozdrowy.pl\/blog\/najczestsze-choroby-wlosow-i-skory-glowy\/#respond"]}]},{"@type":"WebPage","@id":"https:\/\/biozdrowy.pl\/blog\/najczestsze-choroby-wlosow-i-skory-glowy\/","url":"https:\/\/biozdrowy.pl\/blog\/najczestsze-choroby-wlosow-i-skory-glowy\/","name":"Choroby w\u0142os\u00f3w i sk\u00f3ry g\u0142owy \u2013 jak je rozpozna\u0107 i leczy\u0107? | Blog","isPartOf":{"@id":"https:\/\/biozdrowy.pl\/blog\/#website"},"primaryImageOfPage":{"@id":"https:\/\/biozdrowy.pl\/blog\/najczestsze-choroby-wlosow-i-skory-glowy\/#primaryimage"},"image":{"@id":"https:\/\/biozdrowy.pl\/blog\/najczestsze-choroby-wlosow-i-skory-glowy\/#primaryimage"},"thumbnailUrl":"https:\/\/biozdrowy.pl\/blog\/wp-content\/uploads\/2025\/02\/najczestsze-choroby-wlosow-i-skory-glowy-jak-je-rozpoznac-i-leczyc.jpg","datePublished":"2025-02-23T08:00:13+00:00","dateModified":"2025-11-28T18:12:03+00:00","description":"Masz problemy z w\u0142osami? Sprawd\u017a, jakie choroby w\u0142os\u00f3w i sk\u00f3ry g\u0142owy mog\u0105 by\u0107 przyczyn\u0105 i jak je skutecznie leczy\u0107.","breadcrumb":{"@id":"https:\/\/biozdrowy.pl\/blog\/najczestsze-choroby-wlosow-i-skory-glowy\/#breadcrumb"},"inLanguage":"pl-PL","potentialAction":[{"@type":"ReadAction","target":["https:\/\/biozdrowy.pl\/blog\/najczestsze-choroby-wlosow-i-skory-glowy\/"]}]},{"@type":"ImageObject","inLanguage":"pl-PL","@id":"https:\/\/biozdrowy.pl\/blog\/najczestsze-choroby-wlosow-i-skory-glowy\/#primaryimage","url":"https:\/\/biozdrowy.pl\/blog\/wp-content\/uploads\/2025\/02\/najczestsze-choroby-wlosow-i-skory-glowy-jak-je-rozpoznac-i-leczyc.jpg","contentUrl":"https:\/\/biozdrowy.pl\/blog\/wp-content\/uploads\/2025\/02\/najczestsze-choroby-wlosow-i-skory-glowy-jak-je-rozpoznac-i-leczyc.jpg","width":1200,"height":630,"caption":"Najcz\u0119stsze choroby w\u0142os\u00f3w i sk\u00f3ry g\u0142owy \u2013 jak je rozpozna\u0107 i leczy\u0107 - obrazek wyr\u00f3\u017cnij\u0105cy"},{"@type":"BreadcrumbList","@id":"https:\/\/biozdrowy.pl\/blog\/najczestsze-choroby-wlosow-i-skory-glowy\/#breadcrumb","itemListElement":[{"@type":"ListItem","position":1,"name":"Strona g\u0142\u00f3wna","item":"https:\/\/biozdrowy.pl\/blog\/"},{"@type":"ListItem","position":2,"name":"Najcz\u0119stsze choroby w\u0142os\u00f3w i sk\u00f3ry g\u0142owy &#8211; jak je rozpozna\u0107 i leczy\u0107?"}]},{"@type":"WebSite","@id":"https:\/\/biozdrowy.pl\/blog\/#website","url":"https:\/\/biozdrowy.pl\/blog\/","name":"Strefa Wiedzy Biozdrowy","description":"","publisher":{"@id":"https:\/\/biozdrowy.pl\/blog\/#organization"},"potentialAction":[{"@type":"SearchAction","target":{"@type":"EntryPoint","urlTemplate":"https:\/\/biozdrowy.pl\/blog\/?s={search_term_string}"},"query-input":{"@type":"PropertyValueSpecification","valueRequired":true,"valueName":"search_term_string"}}],"inLanguage":"pl-PL"},{"@type":"Organization","@id":"https:\/\/biozdrowy.pl\/blog\/#organization","name":"Biozdrowy","url":"https:\/\/biozdrowy.pl\/blog\/","logo":{"@type":"ImageObject","inLanguage":"pl-PL","@id":"https:\/\/biozdrowy.pl\/blog\/#\/schema\/logo\/image\/","url":"https:\/\/biozdrowy.pl\/blog\/wp-content\/uploads\/2023\/10\/cropped-Strefa_wiedzy_logo_final.png","contentUrl":"https:\/\/biozdrowy.pl\/blog\/wp-content\/uploads\/2023\/10\/cropped-Strefa_wiedzy_logo_final.png","width":7118,"height":1514,"caption":"Biozdrowy"},"image":{"@id":"https:\/\/biozdrowy.pl\/blog\/#\/schema\/logo\/image\/"}},{"@type":"Person","@id":"https:\/\/biozdrowy.pl\/blog\/#\/schema\/person\/140a327719b6ca42d88fd4b1865f0385","name":"Edyta Go\u0142a\u015b","image":{"@type":"ImageObject","inLanguage":"pl-PL","@id":"https:\/\/secure.gravatar.com\/avatar\/1bfc8ccd4349eca95ec0dda9d88fa762c39bcd4fb3ecae0287f1bdcaa1af6131?s=96&d=mm&r=g","url":"https:\/\/secure.gravatar.com\/avatar\/1bfc8ccd4349eca95ec0dda9d88fa762c39bcd4fb3ecae0287f1bdcaa1af6131?s=96&d=mm&r=g","contentUrl":"https:\/\/secure.gravatar.com\/avatar\/1bfc8ccd4349eca95ec0dda9d88fa762c39bcd4fb3ecae0287f1bdcaa1af6131?s=96&d=mm&r=g","caption":"Edyta Go\u0142a\u015b"},"description":"Magister kosmetologii Jej pasj\u0105 jest rozk\u0142adanie problem\u00f3w sk\u00f3rnych na czynniki pierwsze tak, aby odnale\u017a\u0107 ich prawdziw\u0105 przyczyn\u0119. W swojej pracy kieruje si\u0119 nurtem holistycznym, dzi\u0119ki czemu potrafi pom\u00f3c skutecznie zadba\u0107 o zdrowie nawet najbardziej wymagaj\u0105cej sk\u00f3ry.","url":"https:\/\/biozdrowy.pl\/blog\/author\/edytagolas\/"}]}},"_links":{"self":[{"href":"https:\/\/biozdrowy.pl\/blog\/wp-json\/wp\/v2\/posts\/5291","targetHints":{"allow":["GET"]}}],"collection":[{"href":"https:\/\/biozdrowy.pl\/blog\/wp-json\/wp\/v2\/posts"}],"about":[{"href":"https:\/\/biozdrowy.pl\/blog\/wp-json\/wp\/v2\/types\/post"}],"author":[{"embeddable":true,"href":"https:\/\/biozdrowy.pl\/blog\/wp-json\/wp\/v2\/users\/12"}],"replies":[{"embeddable":true,"href":"https:\/\/biozdrowy.pl\/blog\/wp-json\/wp\/v2\/comments?post=5291"}],"version-history":[{"count":3,"href":"https:\/\/biozdrowy.pl\/blog\/wp-json\/wp\/v2\/posts\/5291\/revisions"}],"predecessor-version":[{"id":7627,"href":"https:\/\/biozdrowy.pl\/blog\/wp-json\/wp\/v2\/posts\/5291\/revisions\/7627"}],"wp:featuredmedia":[{"embeddable":true,"href":"https:\/\/biozdrowy.pl\/blog\/wp-json\/wp\/v2\/media\/7624"}],"wp:attachment":[{"href":"https:\/\/biozdrowy.pl\/blog\/wp-json\/wp\/v2\/media?parent=5291"}],"wp:term":[{"taxonomy":"category","embeddable":true,"href":"https:\/\/biozdrowy.pl\/blog\/wp-json\/wp\/v2\/categories?post=5291"},{"taxonomy":"post_tag","embeddable":true,"href":"https:\/\/biozdrowy.pl\/blog\/wp-json\/wp\/v2\/tags?post=5291"}],"curies":[{"name":"wp","href":"https:\/\/api.w.org\/{rel}","templated":true}]}}